{"id":3905,"date":"2022-10-12T14:47:00","date_gmt":"2022-10-12T14:47:00","guid":{"rendered":"https:\/\/www.phvsa.de\/?p=3905"},"modified":"2022-10-18T13:28:01","modified_gmt":"2022-10-18T13:28:01","slug":"dphv-zu-oecd-studie","status":"publish","type":"post","link":"https:\/\/www.phvsa.de\/?p=3905","title":{"rendered":"Stellungnahme des DPhV zu OECD-Studie"},"content":{"rendered":"\t\t<div data-elementor-type=\"wp-post\" data-elementor-id=\"3905\" class=\"elementor elementor-3905\">\n\t\t\t\t\t\t<section class=\"elementor-section elementor-top-section elementor-element elementor-element-483b9cf elementor-section-boxed elementor-section-height-default elementor-section-height-default\" data-id=\"483b9cf\" data-element_type=\"section\" data-e-type=\"section\">\n\t\t\t\t\t\t<div class=\"elementor-container elementor-column-gap-default\">\n\t\t\t\t\t<div class=\"elementor-column elementor-col-100 elementor-top-column elementor-element elementor-element-a15e39f\" data-id=\"a15e39f\" data-element_type=\"column\" data-e-type=\"column\">\n\t\t\t<div class=\"elementor-widget-wrap elementor-element-populated\">\n\t\t\t\t\t\t<div class=\"elementor-element elementor-element-9ca7c74 elementor-widget elementor-widget-heading\" data-id=\"9ca7c74\" data-element_type=\"widget\" data-e-type=\"widget\" data-widget_type=\"heading.default\">\n\t\t\t\t<div class=\"elementor-widget-container\">\n\t\t\t\t\t<h2 class=\"elementor-heading-title elementor-size-default\">Auf Deutschlands Lehrkr\u00e4fte ist auch in der Corona-Krise Verlass\n<\/h2>\t\t\t\t<\/div>\n\t\t\t\t<\/div>\n\t\t\t\t<div class=\"elementor-element elementor-element-f4a7b39 elementor-widget elementor-widget-text-editor\" data-id=\"f4a7b39\" data-element_type=\"widget\" data-e-type=\"widget\" data-widget_type=\"text-editor.default\">\n\t\t\t\t<div class=\"elementor-widget-container\">\n\t\t\t\t\t\t\t\t\t<p>Berlin \u2013 Deutschlands Lehrkr\u00e4fte haben w\u00e4hrend der Corona-Pandemie weit mehr in Pr\u00e4senz unterrichtet als ihre Kolleginnen und Kollegen im Durchschnitt in anderen L\u00e4ndern. Das best\u00e4tigt die aktuelle Studie \u201eBildung auf einen Blick 2022\u201c der OECD, die heute in Berlin vorgestellt wurde. \u201eDie Oberstufenlehrkr\u00e4fte haben schon im Schuljahr 2020\/2021 mit einer \u00fcberdurchschnittlichen Pr\u00e4senz ma\u00dfgeblich dazu beigetragen, dass die Abiturientinnen und Abiturienten ihre Pr\u00fcfungen gut ablegen konnten. Nun belegt die aktuelle OECD-Studie von 2022 diese \u00fcberdurchschnittliche Pr\u00e4senz f\u00fcr alle Lehrkr\u00e4fte in Deutschland. Daf\u00fcr geb\u00fchrt Deutschlands Lehrkr\u00e4ften gro\u00dfer Dank\u201c, so die Bundesvorsitzende des Deutschen Philologenverbandes, Prof. Dr. Susanne Lin-Klitzing.<\/p><p>Angesichts der Ergebnisse mahnt Lin-Klitzing die Kultusministerinnen und -minister der L\u00e4nder, dies nicht nur auf dem R\u00fccken der Bestandslehrkr\u00e4fte auszutragen, sondern das Schulwesen endlich krisenfest zu machen. Die DPhV-Vorsitzende: \u201eWir brauchen Entlastung f\u00fcr die jetzigen Lehrkr\u00e4fte im Schulwesen sowie ausreichend unterst\u00fctzendes Personal f\u00fcr alle nicht-p\u00e4dagogischen Aufgaben im Bereich der IT und Verwaltung.\u201c<\/p>\t\t\t\t\t\t\t\t<\/div>\n\t\t\t\t<\/div>\n\t\t\t\t<div class=\"elementor-element elementor-element-fc82674 elementor-button-info elementor-align-center elementor-widget elementor-widget-button\" data-id=\"fc82674\" data-element_type=\"widget\" data-e-type=\"widget\" data-widget_type=\"button.default\">\n\t\t\t\t<div class=\"elementor-widget-container\">\n\t\t\t\t\t\t\t\t\t<div class=\"elementor-button-wrapper\">\n\t\t\t\t\t<a class=\"elementor-button elementor-button-link elementor-size-sm\" href=\"https:\/\/www.phvsa.de\/wp-content\/uploads\/2022\/10\/22-10-17_PM_OECD_BildungaufeinenBlick_20221004.pdf\">\n\t\t\t\t\t\t<span class=\"elementor-button-content-wrapper\">\n\t\t\t\t\t\t\t\t\t<span class=\"elementor-button-text\">Download<\/span>\n\t\t\t\t\t<\/span>\n\t\t\t\t\t<\/a>\n\t\t\t\t<\/div>\n\t\t\t\t\t\t\t\t<\/div>\n\t\t\t\t<\/div>\n\t\t\t\t\t<\/div>\n\t\t<\/div>\n\t\t\t\t\t<\/div>\n\t\t<\/section>\n\t\t\t\t<\/div>\n\t\t","protected":false},"excerpt":{"rendered":"<p>Auf Deutschlands Lehrkr\u00e4fte ist auch in der Corona-Krise Verlass Berlin \u2013 Deutschlands Lehrkr\u00e4fte haben w\u00e4hrend der Corona-Pandemie weit mehr in Pr\u00e4senz unterrichtet als ihre Kolleginnen und Kollegen im Durchschnitt in anderen L\u00e4ndern. Das best\u00e4tigt die aktuelle Studie \u201eBildung auf einen Blick 2022\u201c der OECD, die heute in Berlin vorgestellt wurde. \u201eDie Oberstufenlehrkr\u00e4fte haben schon im [&hellip;]<\/p>\n","protected":false},"author":1,"featured_media":4785,"comment_status":"closed","ping_status":"closed","sticky":false,"template":"","format":"standard","meta":{"zakra_sidebar_layout":"customizer","zakra_remove_content_margin":false,"zakra_sidebar":"customizer","zakra_transparent_header":"customizer","zakra_logo":0,"zakra_main_header_style":"default","zakra_menu_item_color":"","zakra_menu_item_hover_color":"","zakra_menu_item_active_color":"","zakra_menu_active_style":"","zakra_page_header":true,"inline_featured_image":false,"footnotes":""},"categories":[120,117],"tags":[123,122,121,124],"class_list":["post-3905","post","type-post","status-publish","format-standard","has-post-thumbnail","hentry","category-dphv","category-pressemitteilungen","tag-corona","tag-dphv","tag-pressemitteilung","tag-studien"],"aioseo_notices":[],"rttpg_featured_image_url":{"full":["https:\/\/www.phvsa.de\/wp-content\/uploads\/2022\/10\/bildung.jpg",640,427,false],"landscape":["https:\/\/www.phvsa.de\/wp-content\/uploads\/2022\/10\/bildung.jpg",640,427,false],"portraits":["https:\/\/www.phvsa.de\/wp-content\/uploads\/2022\/10\/bildung.jpg",640,427,false],"thumbnail":["https:\/\/www.phvsa.de\/wp-content\/uploads\/2022\/10\/bildung-150x150.jpg",150,150,true],"medium":["https:\/\/www.phvsa.de\/wp-content\/uploads\/2022\/10\/bildung-300x200.jpg",300,200,true],"large":["https:\/\/www.phvsa.de\/wp-content\/uploads\/2022\/10\/bildung.jpg",640,427,false],"1536x1536":["https:\/\/www.phvsa.de\/wp-content\/uploads\/2022\/10\/bildung.jpg",640,427,false],"2048x2048":["https:\/\/www.phvsa.de\/wp-content\/uploads\/2022\/10\/bildung.jpg",640,427,false],"sow-carousel-default":["https:\/\/www.phvsa.de\/wp-content\/uploads\/2022\/10\/bildung-272x182.jpg",272,182,true]},"rttpg_author":{"display_name":"admin","author_link":"https:\/\/www.phvsa.de\/?author=1"},"rttpg_comment":0,"rttpg_category":"<a href=\"https:\/\/www.phvsa.de\/?cat=120\" rel=\"category\">DPhV<\/a> <a href=\"https:\/\/www.phvsa.de\/?cat=117\" rel=\"category\">Pressemitteilungen<\/a>","rttpg_excerpt":"Auf Deutschlands Lehrkr\u00e4fte ist auch in der Corona-Krise Verlass Berlin \u2013 Deutschlands Lehrkr\u00e4fte haben w\u00e4hrend der Corona-Pandemie weit mehr in Pr\u00e4senz unterrichtet als ihre Kolleginnen und Kollegen im Durchschnitt in anderen L\u00e4ndern. Das best\u00e4tigt die aktuelle Studie \u201eBildung auf einen Blick 2022\u201c der OECD, die heute in Berlin vorgestellt wurde. \u201eDie Oberstufenlehrkr\u00e4fte haben schon im&hellip;","_links":{"self":[{"href":"https:\/\/www.phvsa.de\/index.php?rest_route=\/wp\/v2\/posts\/3905","targetHints":{"allow":["GET"]}}],"collection":[{"href":"https:\/\/www.phvsa.de\/index.php?rest_route=\/wp\/v2\/posts"}],"about":[{"href":"https:\/\/www.phvsa.de\/index.php?rest_route=\/wp\/v2\/types\/post"}],"author":[{"embeddable":true,"href":"https:\/\/www.phvsa.de\/index.php?rest_route=\/wp\/v2\/users\/1"}],"replies":[{"embeddable":true,"href":"https:\/\/www.phvsa.de\/index.php?rest_route=%2Fwp%2Fv2%2Fcomments&post=3905"}],"version-history":[{"count":8,"href":"https:\/\/www.phvsa.de\/index.php?rest_route=\/wp\/v2\/posts\/3905\/revisions"}],"predecessor-version":[{"id":4752,"href":"https:\/\/www.phvsa.de\/index.php?rest_route=\/wp\/v2\/posts\/3905\/revisions\/4752"}],"wp:featuredmedia":[{"embeddable":true,"href":"https:\/\/www.phvsa.de\/index.php?rest_route=\/wp\/v2\/media\/4785"}],"wp:attachment":[{"href":"https:\/\/www.phvsa.de\/index.php?rest_route=%2Fwp%2Fv2%2Fmedia&parent=3905"}],"wp:term":[{"taxonomy":"category","embeddable":true,"href":"https:\/\/www.phvsa.de\/index.php?rest_route=%2Fwp%2Fv2%2Fcategories&post=3905"},{"taxonomy":"post_tag","embeddable":true,"href":"https:\/\/www.phvsa.de\/index.php?rest_route=%2Fwp%2Fv2%2Ftags&post=3905"}],"curies":[{"name":"wp","href":"https:\/\/api.w.org\/{rel}","templated":true}]}}