{"id":4763,"date":"2022-10-16T06:30:00","date_gmt":"2022-10-16T06:30:00","guid":{"rendered":"https:\/\/www.phvsa.de\/?p=4763"},"modified":"2022-10-18T17:17:31","modified_gmt":"2022-10-18T17:17:31","slug":"automatisch-gespeicherter-entwurf","status":"publish","type":"post","link":"https:\/\/www.phvsa.de\/?p=4763","title":{"rendered":"Schulung der Gleichstellungsbeauftragten an Gymnasien des Landes Sachsen-Anhalt im September 2022"},"content":{"rendered":"\t\t<div data-elementor-type=\"wp-post\" data-elementor-id=\"4763\" class=\"elementor elementor-4763\">\n\t\t\t\t\t\t<section class=\"elementor-section elementor-top-section elementor-element elementor-element-c000d57 elementor-section-boxed elementor-section-height-default elementor-section-height-default\" data-id=\"c000d57\" data-element_type=\"section\" data-e-type=\"section\">\n\t\t\t\t\t\t<div class=\"elementor-container elementor-column-gap-default\">\n\t\t\t\t\t<div class=\"elementor-column elementor-col-100 elementor-top-column elementor-element elementor-element-b936d1b\" data-id=\"b936d1b\" data-element_type=\"column\" data-e-type=\"column\">\n\t\t\t<div class=\"elementor-widget-wrap elementor-element-populated\">\n\t\t\t\t\t\t<div class=\"elementor-element elementor-element-591934c elementor-widget elementor-widget-text-editor\" data-id=\"591934c\" data-element_type=\"widget\" data-e-type=\"widget\" data-widget_type=\"text-editor.default\">\n\t\t\t\t<div class=\"elementor-widget-container\">\n\t\t\t\t\t\t\t\t\t<p style=\"text-align:justify\">Traditionell wird die Schulung der\nGleichstellungsbeauftragten an Gymnasien des Landes Sachsen-Anhalt durch die frauenpolitische\nArbeitsgemeinschaft des PhVSA\norganisiert und durchgef\u00fchrt. <o:p><\/o:p><\/p><p style=\"text-align:justify\">Im Fr\u00fchjahr dieses Jahres fanden die Neuwahlen der ehrenamtlichen\nGleichstellungsbeauftragten an den Schulen f\u00fcr die kommenden vier Jahre statt.\nIm Fokus unserer diesj\u00e4hrigen Schulung standen aufgrund dieser Neuwahlen die Rechte\nund Pflichten des Ehrenamtes der Gleichstellungsbeauftragten. Als Referentinnen\nkonnten wir zu dieser Thematik Anke Kupsch, Bereich Gleichstellung S\u00fcd im LSA-Halle,\nund Marcella Mertig, Hauptamtliche Gleichstellungsbeauftragte des Ministeriums\nf\u00fcr Bildung im LSA, gewinnen. &nbsp;Auf der\nGrundlage des Frauenf\u00f6rdergesetzes des Landes Sachsen-Anhalt erl\u00e4uterten die\nReferentinnen wichtige Aufgabenbereiche f\u00fcr ehrenamtliche\nGleichstellungsbeauftragte. Die sich anschlie\u00dfende, sehr facettenreiche\nDiskussionsrunde f\u00fchrte zu einem regen Informationsaustausch zwischen den\nTeilnehmerinnen, besonders bez\u00fcglich aktueller Problemlagen an den\nverschiedenen Gymnasien Sachsen-Anhalts.<\/p>\t\t\t\t\t\t\t\t<\/div>\n\t\t\t\t<\/div>\n\t\t\t\t\t<\/div>\n\t\t<\/div>\n\t\t\t\t\t<\/div>\n\t\t<\/section>\n\t\t\t\t<section class=\"elementor-section elementor-top-section elementor-element elementor-element-9b6e21e elementor-section-boxed elementor-section-height-default elementor-section-height-default\" data-id=\"9b6e21e\" data-element_type=\"section\" data-e-type=\"section\">\n\t\t\t\t\t\t<div class=\"elementor-container elementor-column-gap-default\">\n\t\t\t\t\t<div class=\"elementor-column elementor-col-50 elementor-top-column elementor-element elementor-element-7f3bbc3\" data-id=\"7f3bbc3\" data-element_type=\"column\" data-e-type=\"column\">\n\t\t\t<div class=\"elementor-widget-wrap elementor-element-populated\">\n\t\t\t\t\t\t<div class=\"elementor-element elementor-element-4cecbf6 elementor-widget elementor-widget-text-editor\" data-id=\"4cecbf6\" data-element_type=\"widget\" data-e-type=\"widget\" data-widget_type=\"text-editor.default\">\n\t\t\t\t<div class=\"elementor-widget-container\">\n\t\t\t\t\t\t\t\t\t<p><span style=\"text-align: justify;\">Im Kontext der Lehrergesundheit wurde in diesem Jahr die Thematik \u201eBurnout im Lehrerberuf \u2013 vermeidbar?\u201c behandelt. Oberarzt Ralf Rasch vom Erzgebirgsklinikum Annaberg referierte in kompetenter und emotionaler Art und Weise durch authentische Fallbeispiele&nbsp;<\/span><span style=\"text-align: justify;\">&nbsp;<\/span><span style=\"text-align: justify;\">zu Ursachen, ersten Anzeichen und zum Verlauf der Erkrankung. Der sich anschlie\u00dfende Erfahrungsaustausch zeigte verschiedene M\u00f6glichkeiten des Umgangs mit pr\u00e4senten Stressfaktoren des Lehreraufgabenspektrums auf.<\/span><br><\/p>\t\t\t\t\t\t\t\t<\/div>\n\t\t\t\t<\/div>\n\t\t\t\t\t<\/div>\n\t\t<\/div>\n\t\t\t\t<div class=\"elementor-column elementor-col-50 elementor-top-column elementor-element elementor-element-d4bdaea\" data-id=\"d4bdaea\" data-element_type=\"column\" data-e-type=\"column\">\n\t\t\t<div class=\"elementor-widget-wrap elementor-element-populated\">\n\t\t\t\t\t\t<div class=\"elementor-element elementor-element-501ca9c elementor-widget elementor-widget-image\" data-id=\"501ca9c\" data-element_type=\"widget\" data-e-type=\"widget\" data-widget_type=\"image.default\">\n\t\t\t\t<div class=\"elementor-widget-container\">\n\t\t\t\t\t\t\t\t\t\t\t\t\t\t\t<img fetchpriority=\"high\" decoding=\"async\" width=\"649\" height=\"420\" src=\"https:\/\/www.phvsa.de\/wp-content\/uploads\/2022\/10\/2022-10-15_Gleichstellungsbeauftragen-Schulung-2.jpg\" class=\"attachment-medium_large size-medium_large wp-image-4770\" alt=\"\" srcset=\"https:\/\/www.phvsa.de\/wp-content\/uploads\/2022\/10\/2022-10-15_Gleichstellungsbeauftragen-Schulung-2.jpg 649w, https:\/\/www.phvsa.de\/wp-content\/uploads\/2022\/10\/2022-10-15_Gleichstellungsbeauftragen-Schulung-2-300x194.jpg 300w\" sizes=\"(max-width: 649px) 100vw, 649px\" \/>\t\t\t\t\t\t\t\t\t\t\t\t\t\t\t<\/div>\n\t\t\t\t<\/div>\n\t\t\t\t\t<\/div>\n\t\t<\/div>\n\t\t\t\t\t<\/div>\n\t\t<\/section>\n\t\t\t\t<section class=\"elementor-section elementor-top-section elementor-element elementor-element-03ebdb9 elementor-section-boxed elementor-section-height-default elementor-section-height-default\" data-id=\"03ebdb9\" data-element_type=\"section\" data-e-type=\"section\">\n\t\t\t\t\t\t<div class=\"elementor-container elementor-column-gap-default\">\n\t\t\t\t\t<div class=\"elementor-column elementor-col-100 elementor-top-column elementor-element elementor-element-980d730\" data-id=\"980d730\" data-element_type=\"column\" data-e-type=\"column\">\n\t\t\t<div class=\"elementor-widget-wrap elementor-element-populated\">\n\t\t\t\t\t\t<div class=\"elementor-element elementor-element-c4f1630 elementor-widget elementor-widget-spacer\" data-id=\"c4f1630\" data-element_type=\"widget\" data-e-type=\"widget\" data-widget_type=\"spacer.default\">\n\t\t\t\t<div class=\"elementor-widget-container\">\n\t\t\t\t\t\t\t<div class=\"elementor-spacer\">\n\t\t\t<div class=\"elementor-spacer-inner\"><\/div>\n\t\t<\/div>\n\t\t\t\t\t\t<\/div>\n\t\t\t\t<\/div>\n\t\t\t\t<div class=\"elementor-element elementor-element-be042b0 elementor-widget elementor-widget-heading\" data-id=\"be042b0\" data-element_type=\"widget\" data-e-type=\"widget\" data-widget_type=\"heading.default\">\n\t\t\t\t<div class=\"elementor-widget-container\">\n\t\t\t\t\t<h5 class=\"elementor-heading-title elementor-size-default\">Feedback der Teilnehmerinnen:<\/h5>\t\t\t\t<\/div>\n\t\t\t\t<\/div>\n\t\t\t\t<div class=\"elementor-element elementor-element-32063cc elementor-widget elementor-widget-testimonial\" data-id=\"32063cc\" data-element_type=\"widget\" data-e-type=\"widget\" data-widget_type=\"testimonial.default\">\n\t\t\t\t<div class=\"elementor-widget-container\">\n\t\t\t\t\t\t\t<div class=\"elementor-testimonial-wrapper\">\n\t\t\t\t\t\t\t<div class=\"elementor-testimonial-content\">\u201e.... Zu Beginn hat mich die Aufkl\u00e4rung \u00fcber die Rechte und Pflichten als neugew\u00e4hlte Gleichstellungsbeauftragte sehr bereichert. Der Erfahrungsaustausch zwischen jung und alt st\u00e4rkte und motivierte mich zudem sehr. ...\u201c<\/div>\n\t\t\t\n\t\t\t\t\t\t<div class=\"elementor-testimonial-meta elementor-has-image elementor-testimonial-image-position-aside\">\n\t\t\t\t<div class=\"elementor-testimonial-meta-inner\">\n\t\t\t\t\t\t\t\t\t\t\t<div class=\"elementor-testimonial-image\">\n\t\t\t\t\t\t\t<img decoding=\"async\" data-src=\"https:\/\/www.phvsa.de\/wp-content\/plugins\/elementor\/assets\/images\/placeholder.png\" title=\"\" alt=\"\" src=\"data:image\/svg+xml;base64,PHN2ZyB3aWR0aD0iMSIgaGVpZ2h0PSIxIiB4bWxucz0iaHR0cDovL3d3dy53My5vcmcvMjAwMC9zdmciPjwvc3ZnPg==\" class=\"lazyload\" style=\"--smush-placeholder-width: 1200px; --smush-placeholder-aspect-ratio: 1200\/800;\" \/>\t\t\t\t\t\t<\/div>\n\t\t\t\t\t\n\t\t\t\t\t\t\t\t\t\t<div class=\"elementor-testimonial-details\">\n\t\t\t\t\t\t\t\t\t\t\t\t\t\t<div class=\"elementor-testimonial-name\">Daniela H\u00fcbener<\/div>\n\t\t\t\t\t\t\t\t\t\t\t\t\t\t\t\t\t\t\t\t\t\t<div class=\"elementor-testimonial-job\">Markgraf-Albrecht-Gymnasium Osterburg<\/div>\n\t\t\t\t\t\t\t\t\t\t\t\t\t<\/div>\n\t\t\t\t\t\t\t\t\t<\/div>\n\t\t\t<\/div>\n\t\t\t\t\t<\/div>\n\t\t\t\t\t\t<\/div>\n\t\t\t\t<\/div>\n\t\t\t\t<div class=\"elementor-element elementor-element-a60b605 elementor-widget elementor-widget-testimonial\" data-id=\"a60b605\" data-element_type=\"widget\" data-e-type=\"widget\" data-widget_type=\"testimonial.default\">\n\t\t\t\t<div class=\"elementor-widget-container\">\n\t\t\t\t\t\t\t<div class=\"elementor-testimonial-wrapper\">\n\t\t\t\t\t\t\t<div class=\"elementor-testimonial-content\">\u201e... In der Veranstaltung gab es viele Impulse zum Gesundheitsmanagement, z.B. die Mitwirkung bei der Gef\u00e4hrdungsbeurteilung im Rahmen des Mutterschutzes. Die Gleichstellungsbeauftragte kann einen wesentlichen Beitrag dabei leisten. ...\u201c<\/div>\n\t\t\t\n\t\t\t\t\t\t<div class=\"elementor-testimonial-meta elementor-has-image elementor-testimonial-image-position-aside\">\n\t\t\t\t<div class=\"elementor-testimonial-meta-inner\">\n\t\t\t\t\t\t\t\t\t\t\t<div class=\"elementor-testimonial-image\">\n\t\t\t\t\t\t\t<img decoding=\"async\" data-src=\"https:\/\/www.phvsa.de\/wp-content\/plugins\/elementor\/assets\/images\/placeholder.png\" title=\"\" alt=\"\" src=\"data:image\/svg+xml;base64,PHN2ZyB3aWR0aD0iMSIgaGVpZ2h0PSIxIiB4bWxucz0iaHR0cDovL3d3dy53My5vcmcvMjAwMC9zdmciPjwvc3ZnPg==\" class=\"lazyload\" style=\"--smush-placeholder-width: 1200px; --smush-placeholder-aspect-ratio: 1200\/800;\" \/>\t\t\t\t\t\t<\/div>\n\t\t\t\t\t\n\t\t\t\t\t\t\t\t\t\t<div class=\"elementor-testimonial-details\">\n\t\t\t\t\t\t\t\t\t\t\t\t\t\t<div class=\"elementor-testimonial-name\">Anke Schulze<\/div>\n\t\t\t\t\t\t\t\t\t\t\t\t\t\t\t\t\t\t\t\t\t\t<div class=\"elementor-testimonial-job\">Latina Halle (Saale)<\/div>\n\t\t\t\t\t\t\t\t\t\t\t\t\t<\/div>\n\t\t\t\t\t\t\t\t\t<\/div>\n\t\t\t<\/div>\n\t\t\t\t\t<\/div>\n\t\t\t\t\t\t<\/div>\n\t\t\t\t<\/div>\n\t\t\t\t\t<\/div>\n\t\t<\/div>\n\t\t\t\t\t<\/div>\n\t\t<\/section>\n\t\t\t\t<\/div>\n\t\t","protected":false},"excerpt":{"rendered":"<p>Traditionell wird die Schulung der Gleichstellungsbeauftragten an Gymnasien des Landes Sachsen-Anhalt durch die frauenpolitische Arbeitsgemeinschaft des PhVSA organisiert und durchgef\u00fchrt. Im Fr\u00fchjahr dieses Jahres fanden die Neuwahlen der ehrenamtlichen Gleichstellungsbeauftragten an den Schulen f\u00fcr die kommenden vier Jahre statt. Im Fokus unserer diesj\u00e4hrigen Schulung standen aufgrund dieser Neuwahlen die Rechte und Pflichten des Ehrenamtes der [&hellip;]<\/p>\n","protected":false},"author":1,"featured_media":4769,"comment_status":"closed","ping_status":"closed","sticky":false,"template":"","format":"standard","meta":{"zakra_sidebar_layout":"customizer","zakra_remove_content_margin":false,"zakra_sidebar":"customizer","zakra_transparent_header":"customizer","zakra_logo":0,"zakra_main_header_style":"default","zakra_menu_item_color":"","zakra_menu_item_hover_color":"","zakra_menu_item_active_color":"","zakra_menu_active_style":"","zakra_page_header":true,"inline_featured_image":false,"footnotes":""},"categories":[115,125],"tags":[135,130,134],"class_list":["post-4763","post","type-post","status-publish","format-standard","has-post-thumbnail","hentry","category-gleichstellung","category-phvsa","tag-gleichstellungsbeauftrage","tag-mitglieder","tag-schulung"],"aioseo_notices":[],"rttpg_featured_image_url":{"full":["https:\/\/www.phvsa.de\/wp-content\/uploads\/2022\/10\/2022-10-15_Gleichstellungsbeauftragen-Schulung-1.jpg",653,463,false],"landscape":["https:\/\/www.phvsa.de\/wp-content\/uploads\/2022\/10\/2022-10-15_Gleichstellungsbeauftragen-Schulung-1.jpg",653,463,false],"portraits":["https:\/\/www.phvsa.de\/wp-content\/uploads\/2022\/10\/2022-10-15_Gleichstellungsbeauftragen-Schulung-1.jpg",653,463,false],"thumbnail":["https:\/\/www.phvsa.de\/wp-content\/uploads\/2022\/10\/2022-10-15_Gleichstellungsbeauftragen-Schulung-1-150x150.jpg",150,150,true],"medium":["https:\/\/www.phvsa.de\/wp-content\/uploads\/2022\/10\/2022-10-15_Gleichstellungsbeauftragen-Schulung-1-300x213.jpg",300,213,true],"large":["https:\/\/www.phvsa.de\/wp-content\/uploads\/2022\/10\/2022-10-15_Gleichstellungsbeauftragen-Schulung-1.jpg",653,463,false],"1536x1536":["https:\/\/www.phvsa.de\/wp-content\/uploads\/2022\/10\/2022-10-15_Gleichstellungsbeauftragen-Schulung-1.jpg",653,463,false],"2048x2048":["https:\/\/www.phvsa.de\/wp-content\/uploads\/2022\/10\/2022-10-15_Gleichstellungsbeauftragen-Schulung-1.jpg",653,463,false],"sow-carousel-default":["https:\/\/www.phvsa.de\/wp-content\/uploads\/2022\/10\/2022-10-15_Gleichstellungsbeauftragen-Schulung-1-272x182.jpg",272,182,true]},"rttpg_author":{"display_name":"admin","author_link":"https:\/\/www.phvsa.de\/?author=1"},"rttpg_comment":0,"rttpg_category":"<a href=\"https:\/\/www.phvsa.de\/?cat=115\" rel=\"category\">Gleichstellung<\/a> <a href=\"https:\/\/www.phvsa.de\/?cat=125\" rel=\"category\">PhVSA<\/a>","rttpg_excerpt":"Traditionell wird die Schulung der Gleichstellungsbeauftragten an Gymnasien des Landes Sachsen-Anhalt durch die frauenpolitische Arbeitsgemeinschaft des PhVSA organisiert und durchgef\u00fchrt. Im Fr\u00fchjahr dieses Jahres fanden die Neuwahlen der ehrenamtlichen Gleichstellungsbeauftragten an den Schulen f\u00fcr die kommenden vier Jahre statt. Im Fokus unserer diesj\u00e4hrigen Schulung standen aufgrund dieser Neuwahlen die Rechte und Pflichten des Ehrenamtes der&hellip;","_links":{"self":[{"href":"https:\/\/www.phvsa.de\/index.php?rest_route=\/wp\/v2\/posts\/4763","targetHints":{"allow":["GET"]}}],"collection":[{"href":"https:\/\/www.phvsa.de\/index.php?rest_route=\/wp\/v2\/posts"}],"about":[{"href":"https:\/\/www.phvsa.de\/index.php?rest_route=\/wp\/v2\/types\/post"}],"author":[{"embeddable":true,"href":"https:\/\/www.phvsa.de\/index.php?rest_route=\/wp\/v2\/users\/1"}],"replies":[{"embeddable":true,"href":"https:\/\/www.phvsa.de\/index.php?rest_route=%2Fwp%2Fv2%2Fcomments&post=4763"}],"version-history":[{"count":22,"href":"https:\/\/www.phvsa.de\/index.php?rest_route=\/wp\/v2\/posts\/4763\/revisions"}],"predecessor-version":[{"id":4843,"href":"https:\/\/www.phvsa.de\/index.php?rest_route=\/wp\/v2\/posts\/4763\/revisions\/4843"}],"wp:featuredmedia":[{"embeddable":true,"href":"https:\/\/www.phvsa.de\/index.php?rest_route=\/wp\/v2\/media\/4769"}],"wp:attachment":[{"href":"https:\/\/www.phvsa.de\/index.php?rest_route=%2Fwp%2Fv2%2Fmedia&parent=4763"}],"wp:term":[{"taxonomy":"category","embeddable":true,"href":"https:\/\/www.phvsa.de\/index.php?rest_route=%2Fwp%2Fv2%2Fcategories&post=4763"},{"taxonomy":"post_tag","embeddable":true,"href":"https:\/\/www.phvsa.de\/index.php?rest_route=%2Fwp%2Fv2%2Ftags&post=4763"}],"curies":[{"name":"wp","href":"https:\/\/api.w.org\/{rel}","templated":true}]}}