{"id":5331,"date":"2023-02-07T11:41:00","date_gmt":"2023-02-07T11:41:00","guid":{"rendered":"https:\/\/www.phvsa.de\/?p=5331"},"modified":"2023-04-28T07:16:54","modified_gmt":"2023-04-28T07:16:54","slug":"veranstaltungshinweis-vernetzungs-und-austauschtreffen-agora-am-26-1-2023","status":"publish","type":"post","link":"https:\/\/www.phvsa.de\/?p=5331","title":{"rendered":"Veranstaltungshinweis: Vernetzungs- und Austauschtreffen AGORA"},"content":{"rendered":"\t\t<div data-elementor-type=\"wp-post\" data-elementor-id=\"5331\" class=\"elementor elementor-5331\">\n\t\t\t\t\t\t<section class=\"elementor-section elementor-top-section elementor-element elementor-element-704c51c elementor-section-boxed elementor-section-height-default elementor-section-height-default\" data-id=\"704c51c\" data-element_type=\"section\" data-e-type=\"section\">\n\t\t\t\t\t\t<div class=\"elementor-container elementor-column-gap-default\">\n\t\t\t\t\t<div class=\"elementor-column elementor-col-100 elementor-top-column elementor-element elementor-element-f5674a8\" data-id=\"f5674a8\" data-element_type=\"column\" data-e-type=\"column\">\n\t\t\t<div class=\"elementor-widget-wrap elementor-element-populated\">\n\t\t\t\t\t\t<div class=\"elementor-element elementor-element-d69f35c elementor-widget elementor-widget-heading\" data-id=\"d69f35c\" data-element_type=\"widget\" data-e-type=\"widget\" data-widget_type=\"heading.default\">\n\t\t\t\t<div class=\"elementor-widget-container\">\n\t\t\t\t\t<h2 class=\"elementor-heading-title elementor-size-default\">AGORA - der (digitale) Marktplatz f\u00fcr Ideen<\/h2>\t\t\t\t<\/div>\n\t\t\t\t<\/div>\n\t\t\t\t\t<\/div>\n\t\t<\/div>\n\t\t\t\t\t<\/div>\n\t\t<\/section>\n\t\t\t\t<section class=\"elementor-section elementor-top-section elementor-element elementor-element-326af51 elementor-section-boxed elementor-section-height-default elementor-section-height-default\" data-id=\"326af51\" data-element_type=\"section\" data-e-type=\"section\">\n\t\t\t\t\t\t<div class=\"elementor-container elementor-column-gap-default\">\n\t\t\t\t\t<div class=\"elementor-column elementor-col-100 elementor-top-column elementor-element elementor-element-56dc361\" data-id=\"56dc361\" data-element_type=\"column\" data-e-type=\"column\">\n\t\t\t<div class=\"elementor-widget-wrap elementor-element-populated\">\n\t\t\t\t\t\t<div class=\"elementor-element elementor-element-1c2d8df elementor-widget elementor-widget-text-editor\" data-id=\"1c2d8df\" data-element_type=\"widget\" data-e-type=\"widget\" data-widget_type=\"text-editor.default\">\n\t\t\t\t<div class=\"elementor-widget-container\">\n\t\t\t\t\t\t\t\t\t<p>Liebe Kolleginnen und Kollegen,<\/p><p>zun\u00e4chst w\u00fcnschen wir Ihnen allen noch ein gesundes, gutes und gl\u00fcckliches neues Jahr.<\/p><p>Nachdem die letzten Veranstaltungen sehr erfolgreich waren, m\u00f6chten wir Sie heute\u00a0 auf den n\u00e4chsten Termin unserer digitalen Veranstaltung \u201eAGORA\u2013 Marktplatz f\u00fcr Ideen\u201c hinweisen.<\/p><p>Diese wird immer am letzten Donnerstag des Monats<strong>\u00a0von 17 \u2013 18 Uhr<\/strong> stattfinden.<\/p><p>Eingeladen zu diesem Austausch sind die ehrenamtlichen und hauptamtlichen Vertreterinnen und Vertreter aus den Landesverb\u00e4nden.<\/p><p>Unter folgendem Link: <a href=\"https:\/\/t1p.de\/dphv-agora\">https:\/\/t1p.de\/dphv-agora<\/a> k\u00f6nnen Sie an dem virtuellen Treffen teilnehmen.<\/p><p>Wir freuen uns \u00fcber Ihr Interesse.<\/p><p>Mit freundlichen Gr\u00fc\u00dfen<\/p><p>Gabriele Lipp<br \/><em>Gesch\u00e4ftsf\u00fchrerin<\/em><br \/><em>Deutscher Philologenv<\/em>erband<\/p>\t\t\t\t\t\t\t\t<\/div>\n\t\t\t\t<\/div>\n\t\t\t\t\t<\/div>\n\t\t<\/div>\n\t\t\t\t\t<\/div>\n\t\t<\/section>\n\t\t\t\t<section class=\"elementor-section elementor-top-section elementor-element elementor-element-9465791 elementor-section-boxed elementor-section-height-default elementor-section-height-default\" data-id=\"9465791\" data-element_type=\"section\" data-e-type=\"section\">\n\t\t\t\t\t\t<div class=\"elementor-container elementor-column-gap-default\">\n\t\t\t\t\t<div class=\"elementor-column elementor-col-100 elementor-top-column elementor-element elementor-element-74e21e2\" data-id=\"74e21e2\" data-element_type=\"column\" data-e-type=\"column\">\n\t\t\t<div class=\"elementor-widget-wrap elementor-element-populated\">\n\t\t\t\t\t\t<div class=\"elementor-element elementor-element-38c3b74 elementor-widget elementor-widget-image\" data-id=\"38c3b74\" data-element_type=\"widget\" data-e-type=\"widget\" data-widget_type=\"image.default\">\n\t\t\t\t<div class=\"elementor-widget-container\">\n\t\t\t\t\t\t\t\t\t\t\t\t\t\t\t<img fetchpriority=\"high\" decoding=\"async\" width=\"640\" height=\"902\" src=\"https:\/\/www.phvsa.de\/wp-content\/uploads\/2023\/01\/Agora-Einladung.jpg\" class=\"attachment-medium_large size-medium_large wp-image-5337\" alt=\"\" srcset=\"https:\/\/www.phvsa.de\/wp-content\/uploads\/2023\/01\/Agora-Einladung.jpg 640w, https:\/\/www.phvsa.de\/wp-content\/uploads\/2023\/01\/Agora-Einladung-213x300.jpg 213w\" sizes=\"(max-width: 640px) 100vw, 640px\" \/>\t\t\t\t\t\t\t\t\t\t\t\t\t\t\t<\/div>\n\t\t\t\t<\/div>\n\t\t\t\t\t<\/div>\n\t\t<\/div>\n\t\t\t\t\t<\/div>\n\t\t<\/section>\n\t\t\t\t<\/div>\n\t\t","protected":false},"excerpt":{"rendered":"<p>AGORA &#8211; der (digitale) Marktplatz f\u00fcr Ideen Liebe Kolleginnen und Kollegen, zun\u00e4chst w\u00fcnschen wir Ihnen allen noch ein gesundes, gutes und gl\u00fcckliches neues Jahr. Nachdem die letzten Veranstaltungen sehr erfolgreich waren, m\u00f6chten wir Sie heute\u00a0 auf den n\u00e4chsten Termin unserer digitalen Veranstaltung \u201eAGORA\u2013 Marktplatz f\u00fcr Ideen\u201c hinweisen. Diese wird immer am letzten Donnerstag des Monats\u00a0von [&hellip;]<\/p>\n","protected":false},"author":1,"featured_media":5332,"comment_status":"closed","ping_status":"closed","sticky":false,"template":"","format":"standard","meta":{"zakra_sidebar_layout":"customizer","zakra_remove_content_margin":false,"zakra_sidebar":"customizer","zakra_transparent_header":"customizer","zakra_logo":0,"zakra_main_header_style":"default","zakra_menu_item_color":"","zakra_menu_item_hover_color":"","zakra_menu_item_active_color":"","zakra_menu_active_style":"","zakra_page_header":true,"inline_featured_image":false,"footnotes":""},"categories":[118,116],"tags":[150,152,151],"class_list":["post-5331","post","type-post","status-publish","format-standard","has-post-thumbnail","hentry","category-service","category-veranstaltungen","tag-agora","tag-austausch","tag-netzwerk"],"aioseo_notices":[],"rttpg_featured_image_url":{"full":["https:\/\/www.phvsa.de\/wp-content\/uploads\/2023\/01\/Agora-Treffen.jpg",447,220,false],"landscape":["https:\/\/www.phvsa.de\/wp-content\/uploads\/2023\/01\/Agora-Treffen.jpg",447,220,false],"portraits":["https:\/\/www.phvsa.de\/wp-content\/uploads\/2023\/01\/Agora-Treffen.jpg",447,220,false],"thumbnail":["https:\/\/www.phvsa.de\/wp-content\/uploads\/2023\/01\/Agora-Treffen-150x150.jpg",150,150,true],"medium":["https:\/\/www.phvsa.de\/wp-content\/uploads\/2023\/01\/Agora-Treffen-300x148.jpg",300,148,true],"large":["https:\/\/www.phvsa.de\/wp-content\/uploads\/2023\/01\/Agora-Treffen.jpg",447,220,false],"1536x1536":["https:\/\/www.phvsa.de\/wp-content\/uploads\/2023\/01\/Agora-Treffen.jpg",447,220,false],"2048x2048":["https:\/\/www.phvsa.de\/wp-content\/uploads\/2023\/01\/Agora-Treffen.jpg",447,220,false],"sow-carousel-default":["https:\/\/www.phvsa.de\/wp-content\/uploads\/2023\/01\/Agora-Treffen-272x182.jpg",272,182,true]},"rttpg_author":{"display_name":"admin","author_link":"https:\/\/www.phvsa.de\/?author=1"},"rttpg_comment":0,"rttpg_category":"<a href=\"https:\/\/www.phvsa.de\/?cat=118\" rel=\"category\">Service<\/a> <a href=\"https:\/\/www.phvsa.de\/?cat=116\" rel=\"category\">Veranstaltungen<\/a>","rttpg_excerpt":"AGORA &#8211; der (digitale) Marktplatz f\u00fcr Ideen Liebe Kolleginnen und Kollegen, zun\u00e4chst w\u00fcnschen wir Ihnen allen noch ein gesundes, gutes und gl\u00fcckliches neues Jahr. Nachdem die letzten Veranstaltungen sehr erfolgreich waren, m\u00f6chten wir Sie heute\u00a0 auf den n\u00e4chsten Termin unserer digitalen Veranstaltung \u201eAGORA\u2013 Marktplatz f\u00fcr Ideen\u201c hinweisen. Diese wird immer am letzten Donnerstag des Monats\u00a0von&hellip;","_links":{"self":[{"href":"https:\/\/www.phvsa.de\/index.php?rest_route=\/wp\/v2\/posts\/5331","targetHints":{"allow":["GET"]}}],"collection":[{"href":"https:\/\/www.phvsa.de\/index.php?rest_route=\/wp\/v2\/posts"}],"about":[{"href":"https:\/\/www.phvsa.de\/index.php?rest_route=\/wp\/v2\/types\/post"}],"author":[{"embeddable":true,"href":"https:\/\/www.phvsa.de\/index.php?rest_route=\/wp\/v2\/users\/1"}],"replies":[{"embeddable":true,"href":"https:\/\/www.phvsa.de\/index.php?rest_route=%2Fwp%2Fv2%2Fcomments&post=5331"}],"version-history":[{"count":16,"href":"https:\/\/www.phvsa.de\/index.php?rest_route=\/wp\/v2\/posts\/5331\/revisions"}],"predecessor-version":[{"id":5509,"href":"https:\/\/www.phvsa.de\/index.php?rest_route=\/wp\/v2\/posts\/5331\/revisions\/5509"}],"wp:featuredmedia":[{"embeddable":true,"href":"https:\/\/www.phvsa.de\/index.php?rest_route=\/wp\/v2\/media\/5332"}],"wp:attachment":[{"href":"https:\/\/www.phvsa.de\/index.php?rest_route=%2Fwp%2Fv2%2Fmedia&parent=5331"}],"wp:term":[{"taxonomy":"category","embeddable":true,"href":"https:\/\/www.phvsa.de\/index.php?rest_route=%2Fwp%2Fv2%2Fcategories&post=5331"},{"taxonomy":"post_tag","embeddable":true,"href":"https:\/\/www.phvsa.de\/index.php?rest_route=%2Fwp%2Fv2%2Ftags&post=5331"}],"curies":[{"name":"wp","href":"https:\/\/api.w.org\/{rel}","templated":true}]}}