{"id":5343,"date":"2023-01-22T19:36:43","date_gmt":"2023-01-22T19:36:43","guid":{"rendered":"https:\/\/www.phvsa.de\/?p=5343"},"modified":"2023-01-22T19:59:28","modified_gmt":"2023-01-22T19:59:28","slug":"pressemitteilung-des-phvsa-massnahmenkatalog-der-landesregierung-zum-bildungsgipfel","status":"publish","type":"post","link":"https:\/\/www.phvsa.de\/?p=5343","title":{"rendered":"Pressemitteilung des PhVSA: Ma\u00dfnahmenkatalog der Landesregierung zum Bildungsgipfel"},"content":{"rendered":"\t\t<div data-elementor-type=\"wp-post\" data-elementor-id=\"5343\" class=\"elementor elementor-5343\">\n\t\t\t\t\t\t<section class=\"elementor-section elementor-top-section elementor-element elementor-element-52d64bd elementor-section-boxed elementor-section-height-default elementor-section-height-default\" data-id=\"52d64bd\" data-element_type=\"section\" data-e-type=\"section\">\n\t\t\t\t\t\t<div class=\"elementor-container elementor-column-gap-default\">\n\t\t\t\t\t<div class=\"elementor-column elementor-col-100 elementor-top-column elementor-element elementor-element-ae45065\" data-id=\"ae45065\" data-element_type=\"column\" data-e-type=\"column\">\n\t\t\t<div class=\"elementor-widget-wrap elementor-element-populated\">\n\t\t\t\t\t\t<div class=\"elementor-element elementor-element-3b9fb29 elementor-widget elementor-widget-heading\" data-id=\"3b9fb29\" data-element_type=\"widget\" data-e-type=\"widget\" data-widget_type=\"heading.default\">\n\t\t\t\t<div class=\"elementor-widget-container\">\n\t\t\t\t\t<h2 class=\"elementor-heading-title elementor-size-default\">\u201eDie Lehrerinnen und Lehrer werden es mit einer verst\u00e4rkten Flucht aus dem Arbeitsleben beantworten\u201c<\/h2>\t\t\t\t<\/div>\n\t\t\t\t<\/div>\n\t\t\t\t<div class=\"elementor-element elementor-element-534a17c elementor-widget elementor-widget-text-editor\" data-id=\"534a17c\" data-element_type=\"widget\" data-e-type=\"widget\" data-widget_type=\"text-editor.default\">\n\t\t\t\t<div class=\"elementor-widget-container\">\n\t\t\t\t\t\t\t\t\t<p><i>Magdeburg <\/i>&#8211; Der Philologenverband Sachsen-Anhalt (PhVSA) lehnt jede verpflichtende Erh\u00f6hung der Arbeitszeit f\u00fcr Lehrkr\u00e4fte entschieden ab. Die von Ministerpr\u00e4sident Reiner Haseloff (CDU) angeordnete Mehrarbeit f\u00fcr Lehrkr\u00e4fte ist f\u00fcr den Verband und seine Mitglieder nicht tragbar. Thomas Gaube, Vorsitzender des Philologenverbandes Sachsen-Anhalt: \u201eMit der Anweisung von verpflichtender Mehrarbeit f\u00fcr alle Lehrkr\u00e4fte in unserem Bundesland haben die Landesregierung und das Bildungsministerium den Arbeitsfrieden in unseren Schulen verletzt. Die seit Jahren stetigen Mehrbelastungen ohne Ausgleich ausgesetzte Lehrerschaft soll nun f\u00fcr Jahrzehnte personalpolitischen Versagens der Landesregierung und Landesbildungspolitik in die Pflicht genommen werden. Das nehmen wir nicht hin.\u201c<\/p><p>Da der Dienstherr seine F\u00fcrsorgepflicht f\u00fcr die Aufrechterhaltung der Gesundheit und Dienstf\u00e4higkeit nur unzureichend wahrnimmt, wird der Verband Lehrkr\u00e4fte unterst\u00fctzen, Belastungsausgleiche au\u00dferhalb des Pflichtunterrichts zu finden und umzusetzen, um einer weiteren Zunahme der Gesamtarbeitsbelastung entgegenzuwirken.<\/p><p>Kritik \u00fcbt der Verband auch an dem \u201ebildungspolitischen Dialog\u201c, auf dem die Ma\u00dfnahmen am 19. Januar in der Staatskanzlei verk\u00fcndet wurden. Gaube: \u201eDie verschiedenen Interessenvertreter sahen sich als Teilnehmer an einem breiten gesellschaftlichen Dialog zu den aktuell gravierenden Problemen der Unterrichtsversorgung in unserem Land. Was sich bildungspolitischer Dialog nannte, entpuppte sich schnell als Monolog des Ministerpr\u00e4sidenten und seiner Regierungsmitglieder, die ihren vorab beschlossenen Ma\u00dfnahmenkatalog verk\u00fcndeten. Sachliche Kritik wurde zur\u00fcckgewiesen, Redebeitr\u00e4ge waren nur erw\u00fcnscht, wenn Sie erg\u00e4nzende Angebote zur Hebung der Unterrichtversorgung enthielten.\u201c<\/p><p>Die am \u201eBildungsdialog\u201c beteiligten Gewerkschaften und Verb\u00e4nde hatten sich im Vorfeld auf ein gemeinsames Ma\u00dfnahmenpapier verst\u00e4ndigt. Die Staatskanzlei verwies angesichts der Vielfalt der Akteure und Papiere darauf, dass vorab keine Stellungnahmen am Bildungsgipfel Beteiligter verbreitet werden.<\/p><p>Die beschlossene Mehrarbeit ist aus Sicht des Verbandes keine L\u00f6sung f\u00fcr den Lehrkr\u00e4ftemangel \u2013 im Gegenteil. \u201eDie Lehrerinnen und Lehrer werden diese weitere Mehrbelastung, so sie diese gesundheitlich noch stemmen k\u00f6nnen, mit einer verst\u00e4rkten Flucht aus dem Arbeitsleben beantworten. Der Attraktivit\u00e4t unseres Bundeslandes als k\u00fcnftigen Arbeitsort f\u00fcr Lehrerinnen und Lehrer haben Sie mit dieser Ma\u00dfnahme einen B\u00e4rendienst erwiesen\u201c, so Gaube.<\/p><p>Merseburg, 20.01.2023<\/p>\t\t\t\t\t\t\t\t<\/div>\n\t\t\t\t<\/div>\n\t\t\t\t\t<\/div>\n\t\t<\/div>\n\t\t\t\t\t<\/div>\n\t\t<\/section>\n\t\t\t\t<section class=\"elementor-section elementor-top-section elementor-element elementor-element-6eb8e07 elementor-section-boxed elementor-section-height-default elementor-section-height-default\" data-id=\"6eb8e07\" data-element_type=\"section\" data-e-type=\"section\">\n\t\t\t\t\t\t<div class=\"elementor-container elementor-column-gap-default\">\n\t\t\t\t\t<div class=\"elementor-column elementor-col-100 elementor-top-column elementor-element elementor-element-5537ec7\" data-id=\"5537ec7\" data-element_type=\"column\" data-e-type=\"column\">\n\t\t\t<div class=\"elementor-widget-wrap elementor-element-populated\">\n\t\t\t\t\t\t<div class=\"elementor-element elementor-element-705cd9a elementor-widget elementor-widget-heading\" data-id=\"705cd9a\" data-element_type=\"widget\" data-e-type=\"widget\" data-widget_type=\"heading.default\">\n\t\t\t\t<div class=\"elementor-widget-container\">\n\t\t\t\t\t<h6 class=\"elementor-heading-title elementor-size-default\">Anlagen:<\/h6>\t\t\t\t<\/div>\n\t\t\t\t<\/div>\n\t\t\t\t<section class=\"elementor-section elementor-inner-section elementor-element elementor-element-d1f9f5f elementor-section-boxed elementor-section-height-default elementor-section-height-default\" data-id=\"d1f9f5f\" data-element_type=\"section\" data-e-type=\"section\">\n\t\t\t\t\t\t<div class=\"elementor-container elementor-column-gap-default\">\n\t\t\t\t\t<div class=\"elementor-column elementor-col-50 elementor-inner-column elementor-element elementor-element-e5d01a9\" data-id=\"e5d01a9\" data-element_type=\"column\" data-e-type=\"column\">\n\t\t\t<div class=\"elementor-widget-wrap elementor-element-populated\">\n\t\t\t\t\t\t<div class=\"elementor-element elementor-element-c374c21 elementor-button-info elementor-align-right elementor-widget elementor-widget-button\" data-id=\"c374c21\" data-element_type=\"widget\" data-e-type=\"widget\" data-widget_type=\"button.default\">\n\t\t\t\t<div class=\"elementor-widget-container\">\n\t\t\t\t\t\t\t\t\t<div class=\"elementor-button-wrapper\">\n\t\t\t\t\t<a class=\"elementor-button elementor-button-link elementor-size-sm\" href=\"https:\/\/www.phvsa.de\/wp-content\/uploads\/2023\/01\/2023_01_19-Bildungsgipfel-Massnahmen-der-Landeregierung-zur-Sicherung-der-Unterrichtsversorgung.pdf\">\n\t\t\t\t\t\t<span class=\"elementor-button-content-wrapper\">\n\t\t\t\t\t\t<span class=\"elementor-button-icon\">\n\t\t\t\t<i aria-hidden=\"true\" class=\"far fa-file-pdf\"><\/i>\t\t\t<\/span>\n\t\t\t\t\t\t\t\t\t<span class=\"elementor-button-text\">Download<\/span>\n\t\t\t\t\t<\/span>\n\t\t\t\t\t<\/a>\n\t\t\t\t<\/div>\n\t\t\t\t\t\t\t\t<\/div>\n\t\t\t\t<\/div>\n\t\t\t\t\t<\/div>\n\t\t<\/div>\n\t\t\t\t<div class=\"elementor-column elementor-col-50 elementor-inner-column elementor-element elementor-element-a90c2f5\" data-id=\"a90c2f5\" data-element_type=\"column\" data-e-type=\"column\">\n\t\t\t<div class=\"elementor-widget-wrap elementor-element-populated\">\n\t\t\t\t\t\t<div class=\"elementor-element elementor-element-dcab1c1 elementor-widget elementor-widget-text-editor\" data-id=\"dcab1c1\" data-element_type=\"widget\" data-e-type=\"widget\" data-widget_type=\"text-editor.default\">\n\t\t\t\t<div class=\"elementor-widget-container\">\n\t\t\t\t\t\t\t\t\t<p>Ma\u00dfnahmen der Landeregierung zur Sicherung der Unterrichtsversorgung<\/p>\t\t\t\t\t\t\t\t<\/div>\n\t\t\t\t<\/div>\n\t\t\t\t\t<\/div>\n\t\t<\/div>\n\t\t\t\t\t<\/div>\n\t\t<\/section>\n\t\t\t\t<section class=\"elementor-section elementor-inner-section elementor-element elementor-element-70bcfdb elementor-section-boxed elementor-section-height-default elementor-section-height-default\" data-id=\"70bcfdb\" data-element_type=\"section\" data-e-type=\"section\">\n\t\t\t\t\t\t<div class=\"elementor-container elementor-column-gap-default\">\n\t\t\t\t\t<div class=\"elementor-column elementor-col-50 elementor-inner-column elementor-element elementor-element-a0145c5\" data-id=\"a0145c5\" data-element_type=\"column\" data-e-type=\"column\">\n\t\t\t<div class=\"elementor-widget-wrap elementor-element-populated\">\n\t\t\t\t\t\t<div class=\"elementor-element elementor-element-c799198 elementor-button-info elementor-align-right elementor-widget elementor-widget-button\" data-id=\"c799198\" data-element_type=\"widget\" data-e-type=\"widget\" data-widget_type=\"button.default\">\n\t\t\t\t<div class=\"elementor-widget-container\">\n\t\t\t\t\t\t\t\t\t<div class=\"elementor-button-wrapper\">\n\t\t\t\t\t<a class=\"elementor-button elementor-button-link elementor-size-sm\" href=\"https:\/\/www.phvsa.de\/wp-content\/uploads\/2023\/01\/Kritische-Anmerkungen-zu-den-Massnahmen-der-Landeregierung-zur-Sicherung-der-Unterrichtsversorgung.pdf\">\n\t\t\t\t\t\t<span class=\"elementor-button-content-wrapper\">\n\t\t\t\t\t\t<span class=\"elementor-button-icon\">\n\t\t\t\t<i aria-hidden=\"true\" class=\"far fa-file-pdf\"><\/i>\t\t\t<\/span>\n\t\t\t\t\t\t\t\t\t<span class=\"elementor-button-text\">Download<\/span>\n\t\t\t\t\t<\/span>\n\t\t\t\t\t<\/a>\n\t\t\t\t<\/div>\n\t\t\t\t\t\t\t\t<\/div>\n\t\t\t\t<\/div>\n\t\t\t\t\t<\/div>\n\t\t<\/div>\n\t\t\t\t<div class=\"elementor-column elementor-col-50 elementor-inner-column elementor-element elementor-element-8ea1747\" data-id=\"8ea1747\" data-element_type=\"column\" data-e-type=\"column\">\n\t\t\t<div class=\"elementor-widget-wrap elementor-element-populated\">\n\t\t\t\t\t\t<div class=\"elementor-element elementor-element-43fbd15 elementor-widget elementor-widget-text-editor\" data-id=\"43fbd15\" data-element_type=\"widget\" data-e-type=\"widget\" data-widget_type=\"text-editor.default\">\n\t\t\t\t<div class=\"elementor-widget-container\">\n\t\t\t\t\t\t\t\t\t<p>Positionen des PhVSA zum Ma\u00dfnahmenkatalog der Landesregierung<\/p>\t\t\t\t\t\t\t\t<\/div>\n\t\t\t\t<\/div>\n\t\t\t\t\t<\/div>\n\t\t<\/div>\n\t\t\t\t\t<\/div>\n\t\t<\/section>\n\t\t\t\t<section class=\"elementor-section elementor-inner-section elementor-element elementor-element-92ecf17 elementor-section-boxed elementor-section-height-default elementor-section-height-default\" data-id=\"92ecf17\" data-element_type=\"section\" data-e-type=\"section\">\n\t\t\t\t\t\t<div class=\"elementor-container elementor-column-gap-default\">\n\t\t\t\t\t<div class=\"elementor-column elementor-col-50 elementor-inner-column elementor-element elementor-element-5fe208f\" data-id=\"5fe208f\" data-element_type=\"column\" data-e-type=\"column\">\n\t\t\t<div class=\"elementor-widget-wrap elementor-element-populated\">\n\t\t\t\t\t\t<div class=\"elementor-element elementor-element-edcb478 elementor-button-info elementor-align-right elementor-widget elementor-widget-button\" data-id=\"edcb478\" data-element_type=\"widget\" data-e-type=\"widget\" data-widget_type=\"button.default\">\n\t\t\t\t<div class=\"elementor-widget-container\">\n\t\t\t\t\t\t\t\t\t<div class=\"elementor-button-wrapper\">\n\t\t\t\t\t<a class=\"elementor-button elementor-button-link elementor-size-sm\" href=\"https:\/\/www.phvsa.de\/wp-content\/uploads\/2023\/01\/Positionspapier-der-Vertreterinnen-und-Vertreter-der-Lehrkraefte-Final.pdf\">\n\t\t\t\t\t\t<span class=\"elementor-button-content-wrapper\">\n\t\t\t\t\t\t<span class=\"elementor-button-icon\">\n\t\t\t\t<i aria-hidden=\"true\" class=\"far fa-file-pdf\"><\/i>\t\t\t<\/span>\n\t\t\t\t\t\t\t\t\t<span class=\"elementor-button-text\">Download<\/span>\n\t\t\t\t\t<\/span>\n\t\t\t\t\t<\/a>\n\t\t\t\t<\/div>\n\t\t\t\t\t\t\t\t<\/div>\n\t\t\t\t<\/div>\n\t\t\t\t\t<\/div>\n\t\t<\/div>\n\t\t\t\t<div class=\"elementor-column elementor-col-50 elementor-inner-column elementor-element elementor-element-dfe61ac\" data-id=\"dfe61ac\" data-element_type=\"column\" data-e-type=\"column\">\n\t\t\t<div class=\"elementor-widget-wrap elementor-element-populated\">\n\t\t\t\t\t\t<div class=\"elementor-element elementor-element-17e133a elementor-widget elementor-widget-text-editor\" data-id=\"17e133a\" data-element_type=\"widget\" data-e-type=\"widget\" data-widget_type=\"text-editor.default\">\n\t\t\t\t<div class=\"elementor-widget-container\">\n\t\t\t\t\t\t\t\t\t<p>Gemeinsames Ma\u00dfnahmenpapier Gewerkschaften und Verb\u00e4nde<\/p>\t\t\t\t\t\t\t\t<\/div>\n\t\t\t\t<\/div>\n\t\t\t\t\t<\/div>\n\t\t<\/div>\n\t\t\t\t\t<\/div>\n\t\t<\/section>\n\t\t\t\t\t<\/div>\n\t\t<\/div>\n\t\t\t\t\t<\/div>\n\t\t<\/section>\n\t\t\t\t<\/div>\n\t\t","protected":false},"excerpt":{"rendered":"<p>\u201eDie Lehrerinnen und Lehrer werden es mit einer verst\u00e4rkten Flucht aus dem Arbeitsleben beantworten\u201c Magdeburg &#8211; Der Philologenverband Sachsen-Anhalt (PhVSA) lehnt jede verpflichtende Erh\u00f6hung der Arbeitszeit f\u00fcr Lehrkr\u00e4fte entschieden ab. Die von Ministerpr\u00e4sident Reiner Haseloff (CDU) angeordnete Mehrarbeit f\u00fcr Lehrkr\u00e4fte ist f\u00fcr den Verband und seine Mitglieder nicht tragbar. Thomas Gaube, Vorsitzender des Philologenverbandes Sachsen-Anhalt: [&hellip;]<\/p>\n","protected":false},"author":1,"featured_media":5344,"comment_status":"closed","ping_status":"closed","sticky":false,"template":"","format":"standard","meta":{"zakra_sidebar_layout":"customizer","zakra_remove_content_margin":false,"zakra_sidebar":"customizer","zakra_transparent_header":"customizer","zakra_logo":0,"zakra_main_header_style":"default","zakra_menu_item_color":"","zakra_menu_item_hover_color":"","zakra_menu_item_active_color":"","zakra_menu_active_style":"","zakra_page_header":true,"inline_featured_image":false,"footnotes":""},"categories":[125,117,137],"tags":[153,154],"class_list":["post-5343","post","type-post","status-publish","format-standard","has-post-thumbnail","hentry","category-phvsa","category-pressemitteilungen","category-stellungnahmen","tag-bildungsgipfel","tag-massnahmenkatalog-der-landesregierung"],"aioseo_notices":[],"rttpg_featured_image_url":{"full":["https:\/\/www.phvsa.de\/wp-content\/uploads\/2023\/01\/5-nach-12.jpg",582,408,false],"landscape":["https:\/\/www.phvsa.de\/wp-content\/uploads\/2023\/01\/5-nach-12.jpg",582,408,false],"portraits":["https:\/\/www.phvsa.de\/wp-content\/uploads\/2023\/01\/5-nach-12.jpg",582,408,false],"thumbnail":["https:\/\/www.phvsa.de\/wp-content\/uploads\/2023\/01\/5-nach-12-150x150.jpg",150,150,true],"medium":["https:\/\/www.phvsa.de\/wp-content\/uploads\/2023\/01\/5-nach-12-300x210.jpg",300,210,true],"large":["https:\/\/www.phvsa.de\/wp-content\/uploads\/2023\/01\/5-nach-12.jpg",582,408,false],"1536x1536":["https:\/\/www.phvsa.de\/wp-content\/uploads\/2023\/01\/5-nach-12.jpg",582,408,false],"2048x2048":["https:\/\/www.phvsa.de\/wp-content\/uploads\/2023\/01\/5-nach-12.jpg",582,408,false],"sow-carousel-default":["https:\/\/www.phvsa.de\/wp-content\/uploads\/2023\/01\/5-nach-12-272x182.jpg",272,182,true]},"rttpg_author":{"display_name":"admin","author_link":"https:\/\/www.phvsa.de\/?author=1"},"rttpg_comment":0,"rttpg_category":"<a href=\"https:\/\/www.phvsa.de\/?cat=125\" rel=\"category\">PhVSA<\/a> <a href=\"https:\/\/www.phvsa.de\/?cat=117\" rel=\"category\">Pressemitteilungen<\/a> <a href=\"https:\/\/www.phvsa.de\/?cat=137\" rel=\"category\">Stellungnahmen<\/a>","rttpg_excerpt":"\u201eDie Lehrerinnen und Lehrer werden es mit einer verst\u00e4rkten Flucht aus dem Arbeitsleben beantworten\u201c Magdeburg &#8211; Der Philologenverband Sachsen-Anhalt (PhVSA) lehnt jede verpflichtende Erh\u00f6hung der Arbeitszeit f\u00fcr Lehrkr\u00e4fte entschieden ab. Die von Ministerpr\u00e4sident Reiner Haseloff (CDU) angeordnete Mehrarbeit f\u00fcr Lehrkr\u00e4fte ist f\u00fcr den Verband und seine Mitglieder nicht tragbar. Thomas Gaube, Vorsitzender des Philologenverbandes Sachsen-Anhalt:&hellip;","_links":{"self":[{"href":"https:\/\/www.phvsa.de\/index.php?rest_route=\/wp\/v2\/posts\/5343","targetHints":{"allow":["GET"]}}],"collection":[{"href":"https:\/\/www.phvsa.de\/index.php?rest_route=\/wp\/v2\/posts"}],"about":[{"href":"https:\/\/www.phvsa.de\/index.php?rest_route=\/wp\/v2\/types\/post"}],"author":[{"embeddable":true,"href":"https:\/\/www.phvsa.de\/index.php?rest_route=\/wp\/v2\/users\/1"}],"replies":[{"embeddable":true,"href":"https:\/\/www.phvsa.de\/index.php?rest_route=%2Fwp%2Fv2%2Fcomments&post=5343"}],"version-history":[{"count":7,"href":"https:\/\/www.phvsa.de\/index.php?rest_route=\/wp\/v2\/posts\/5343\/revisions"}],"predecessor-version":[{"id":5354,"href":"https:\/\/www.phvsa.de\/index.php?rest_route=\/wp\/v2\/posts\/5343\/revisions\/5354"}],"wp:featuredmedia":[{"embeddable":true,"href":"https:\/\/www.phvsa.de\/index.php?rest_route=\/wp\/v2\/media\/5344"}],"wp:attachment":[{"href":"https:\/\/www.phvsa.de\/index.php?rest_route=%2Fwp%2Fv2%2Fmedia&parent=5343"}],"wp:term":[{"taxonomy":"category","embeddable":true,"href":"https:\/\/www.phvsa.de\/index.php?rest_route=%2Fwp%2Fv2%2Fcategories&post=5343"},{"taxonomy":"post_tag","embeddable":true,"href":"https:\/\/www.phvsa.de\/index.php?rest_route=%2Fwp%2Fv2%2Ftags&post=5343"}],"curies":[{"name":"wp","href":"https:\/\/api.w.org\/{rel}","templated":true}]}}