{"id":5393,"date":"2023-02-09T07:27:24","date_gmt":"2023-02-09T07:27:24","guid":{"rendered":"https:\/\/www.phvsa.de\/?p=5393"},"modified":"2023-02-09T07:28:45","modified_gmt":"2023-02-09T07:28:45","slug":"ach-eine-stunde-mehr-ist-doch-kein-problem-ich-bin-ja-belastbar","status":"publish","type":"post","link":"https:\/\/www.phvsa.de\/?p=5393","title":{"rendered":"Ach, eine Stunde mehr ist doch kein Problem \u2013 Ich bin ja belastbar"},"content":{"rendered":"\t\t<div data-elementor-type=\"wp-post\" data-elementor-id=\"5393\" class=\"elementor elementor-5393\">\n\t\t\t\t\t\t<section class=\"elementor-section elementor-top-section elementor-element elementor-element-262531f8 elementor-section-boxed elementor-section-height-default elementor-section-height-default\" data-id=\"262531f8\" data-element_type=\"section\" data-e-type=\"section\">\n\t\t\t\t\t\t<div class=\"elementor-container elementor-column-gap-default\">\n\t\t\t\t\t<div class=\"elementor-column elementor-col-100 elementor-top-column elementor-element elementor-element-10591420\" data-id=\"10591420\" data-element_type=\"column\" data-e-type=\"column\">\n\t\t\t<div class=\"elementor-widget-wrap elementor-element-populated\">\n\t\t\t\t\t\t<div class=\"elementor-element elementor-element-55989e84 elementor-widget elementor-widget-text-editor\" data-id=\"55989e84\" data-element_type=\"widget\" data-e-type=\"widget\" data-widget_type=\"text-editor.default\">\n\t\t\t\t<div class=\"elementor-widget-container\">\n\t\t\t\t\t\t\t\t\t<p>Ich bin eine 58j\u00e4hrige tarifbesch\u00e4ftigte Lehrerin f\u00fcr Mathematik und Chemie und bereits seit 1988 im Schuldienst des Landes Sachsen-Anhalt. Seit 1991 bin ich an einem Gymnasium in Sachsen-Anhalt t\u00e4tig.<\/p><p>Mein Eintrittsalter in die Regelrente wurde seit Beginn meines Dienstantritts um <strong>7 Jahre<\/strong> erh\u00f6ht.<\/p><p>Im Laufe meiner Dienstzeit habe ich unz\u00e4hlige Ver\u00e4nderungen der Schullandschaft erlebt, mitgetragen und gestaltet. Aus Lehrpl\u00e4nen wurden Rahmenrichtlinien, aus Rahmenrichtlinien wurden kompetenzorientiert Lehrpl\u00e4ne und jedes Mal stellte ich meinen Unterricht um. Dazu kamen auch Gesetze, Verordnungen und Erlasse in stetigem Wechsel. Es gab Leistungskurse, Grundkurse, Wahlpflichtf\u00e4cher und Wahlf\u00e4cher, dann Unterricht auf erh\u00f6htem Niveau im Klassenverband und jetzt wieder Kurse auf erh\u00f6htem und grundlegendem Niveau. Das Ganze war dann noch verbunden mit Wechsel der gymnasialen Oberstufe von G12 zu G13 zu G12 mit Zwischenstufe G12,5. Alles nach der Methode: \u201eLearning by doing\u201c. Langweilig wurde es nie in unserer Schulform. <strong>Aber \u2013 ich bin ja belastbar<\/strong>.<\/p><p>\u00dcberraschend stellte mein Arbeitgeber eines Tages fest, dass es zu viele sind, die unterrichten wollten. Also \u201eerfand\u201c er die Arbeitszeitkonten. Die Lehrerinnen und Lehrer wurden zwangsweise in Teilzeit geschickt. Das bescherte mir in Jahren mit der h\u00f6chsten Leistungsf\u00e4higkeit \u201edankenswerter Weise\u201c mehr Zeit f\u00fcr mich. Die Auswirkungen auf meine Bez\u00fcge im Ruhestand sind nicht unerheblich. Die Auszahlung der damaligen Arbeitszeitkonten war ein Verlustgesch\u00e4ft f\u00fcr mich. Damals durfte ich dem Land Sachsen-Anhalt einen zinslosen Kredit \u00fcber mehrere Jahre gew\u00e4hren.<\/p><p>Vor 20 Jahren beschloss das Land Sachsen- Anhalt Lehrer zu verbeamten. Man durfte dazu allerdings nicht so unwichtige F\u00e4cher wie z.B. die Naturwissenschaften unterrichten. In diesem Zeitraum hat eine verbeamtete Lehrkraft f\u00fcr die gleiche Arbeit \u00fcber 100 000 Euro mehr verdient als eine tarifbesch\u00e4ftigte Lehrkraft.<\/p><p>Trotz zeitlichen Drucks durch die Lehrpl\u00e4ne und durch das Zentralabitur f\u00fchlte ich mich nur selten richtig ausgelastet. Gern habe ich unn\u00f6tige Verwaltungsaufgaben, Einsammeln von Geld, Verteilen von B\u00fcchern, F\u00fchren von Konten und \u00e4hnliche Freizeitr\u00e4uber \u00fcbernommen. Auch die Tatsache, dass Elterngespr\u00e4che nur ab und zu harmonisch verliefen, machte mir wenig aus. <strong>Ich bin ja belastbar<\/strong>. Genau das hat Magdeburg vor zwei Jahren auch erkannt. Warum soll man den 60j\u00e4hrigen Lehrkr\u00e4ften eigentlich Pflichtstunden wegnehmen? Damit k\u00f6nnen wir sie doch auch ab 62 bestrafen. Es merkt sicher niemand, dass dies im Vergleich zu den Kollegen, die diese Stunden noch mit 60 Jahren erhielten, einer <strong>Lohnk\u00fcrzung von 8 % entspricht.<\/strong><\/p><p>Beifall brandete un\u00fcberh\u00f6rbar auf.<\/p><p><span style=\"font-style: inherit; font-weight: inherit;\">Im letzten Jahr wurde unserem Dienstherrn ganz unverhofft bewusst, dass er seinen Arbeitnehmern gegen\u00fcber auch eine F\u00fcrsorgepflicht hat. Schwuppdiwupp wurde verpflichtend ein Pr\u00e4ventionstag an den Schulen eingef\u00fchrt. Dabei f\u00e4llt dann ein ganzer Unterrichtstag an den Schulen aus. <\/span><strong style=\"font-style: inherit;\">Und jetzt das<\/strong><span style=\"font-style: inherit; font-weight: inherit;\">:<\/span><\/p><p>Zum Dank f\u00fcr mein p\u00e4dagogisches Engagement \u00fcber mehr als f\u00fcnfunddrei\u00dfig Jahre und zur Verschleierung der Unf\u00e4higkeit der Landesregierungen die Zukunft der Schulen personell abzusichern, werde ich nun auch noch zur Mehrarbeit verpflichtet. \u00a0<strong>Aber mit Ende 50 bin ich ja belastbar<\/strong>. Und wieder soll ich dem Land Sachsen- Anhalt einen zinslosen Kredit gew\u00e4hren. Bin ich eigentlich eine Bank? Dabei wird Augenwischerei bez\u00fcglich eines sogenannten Arbeitszeitkontos betrieben, bei dem die Stunden in ein paar Jahren abgebummelt werden d\u00fcrfen. Wenn ich dieses Arbeitszeitkonto dann fr\u00fchestens 2027\/28 in Anspruch nehmen darf, bin ich bereits im vorzeitigen Ruhestand. Aber scheinbar sehe ich irgendetwas falsch, denn das ist gar keine Erh\u00f6hung der Arbeitszeit, sondern nur eine Verlagerung in meinen Ruhestand.<\/p><p><strong>Ich danke also dem Land Sachsen-Anhalt herzlich f\u00fcr die Wertsch\u00e4tzung und Gesundheitsf\u00fcrsorge in meinen dann 39 Dienstjahren, indem ich dieses System fr\u00fchestm\u00f6glich mit 63 Jahren verlassen werden.<\/strong><\/p><p><i>Der Name der Verfasserin ist bekannt<\/i><\/p>\t\t\t\t\t\t\t\t<\/div>\n\t\t\t\t<\/div>\n\t\t\t\t\t<\/div>\n\t\t<\/div>\n\t\t\t\t\t<\/div>\n\t\t<\/section>\n\t\t\t\t<\/div>\n\t\t","protected":false},"excerpt":{"rendered":"<p>Ich bin eine 58j\u00e4hrige tarifbesch\u00e4ftigte Lehrerin f\u00fcr Mathematik und Chemie und bereits seit 1988 im Schuldienst des Landes Sachsen-Anhalt. Seit 1991 bin ich an einem Gymnasium in Sachsen-Anhalt t\u00e4tig. Mein Eintrittsalter in die Regelrente wurde seit Beginn meines Dienstantritts um 7 Jahre erh\u00f6ht. Im Laufe meiner Dienstzeit habe ich unz\u00e4hlige Ver\u00e4nderungen der Schullandschaft erlebt, mitgetragen [&hellip;]<\/p>\n","protected":false},"author":1,"featured_media":0,"comment_status":"closed","ping_status":"closed","sticky":false,"template":"","format":"standard","meta":{"zakra_sidebar_layout":"customizer","zakra_remove_content_margin":false,"zakra_sidebar":"customizer","zakra_transparent_header":"customizer","zakra_logo":0,"zakra_main_header_style":"default","zakra_menu_item_color":"","zakra_menu_item_hover_color":"","zakra_menu_item_active_color":"","zakra_menu_active_style":"","zakra_page_header":true,"inline_featured_image":false,"footnotes":""},"categories":[113,125,137],"tags":[155,146],"class_list":["post-5393","post","type-post","status-publish","format-standard","hentry","category-berufspolitik","category-phvsa","category-stellungnahmen","tag-arbeitszeiterhoehung","tag-lehrermangel"],"aioseo_notices":[],"rttpg_featured_image_url":null,"rttpg_author":{"display_name":"admin","author_link":"https:\/\/www.phvsa.de\/?author=1"},"rttpg_comment":0,"rttpg_category":"<a href=\"https:\/\/www.phvsa.de\/?cat=113\" rel=\"category\">Berufspolitik<\/a> <a href=\"https:\/\/www.phvsa.de\/?cat=125\" rel=\"category\">PhVSA<\/a> <a href=\"https:\/\/www.phvsa.de\/?cat=137\" rel=\"category\">Stellungnahmen<\/a>","rttpg_excerpt":"Ich bin eine 58j\u00e4hrige tarifbesch\u00e4ftigte Lehrerin f\u00fcr Mathematik und Chemie und bereits seit 1988 im Schuldienst des Landes Sachsen-Anhalt. Seit 1991 bin ich an einem Gymnasium in Sachsen-Anhalt t\u00e4tig. Mein Eintrittsalter in die Regelrente wurde seit Beginn meines Dienstantritts um 7 Jahre erh\u00f6ht. Im Laufe meiner Dienstzeit habe ich unz\u00e4hlige Ver\u00e4nderungen der Schullandschaft erlebt, mitgetragen&hellip;","_links":{"self":[{"href":"https:\/\/www.phvsa.de\/index.php?rest_route=\/wp\/v2\/posts\/5393","targetHints":{"allow":["GET"]}}],"collection":[{"href":"https:\/\/www.phvsa.de\/index.php?rest_route=\/wp\/v2\/posts"}],"about":[{"href":"https:\/\/www.phvsa.de\/index.php?rest_route=\/wp\/v2\/types\/post"}],"author":[{"embeddable":true,"href":"https:\/\/www.phvsa.de\/index.php?rest_route=\/wp\/v2\/users\/1"}],"replies":[{"embeddable":true,"href":"https:\/\/www.phvsa.de\/index.php?rest_route=%2Fwp%2Fv2%2Fcomments&post=5393"}],"version-history":[{"count":7,"href":"https:\/\/www.phvsa.de\/index.php?rest_route=\/wp\/v2\/posts\/5393\/revisions"}],"predecessor-version":[{"id":5400,"href":"https:\/\/www.phvsa.de\/index.php?rest_route=\/wp\/v2\/posts\/5393\/revisions\/5400"}],"wp:attachment":[{"href":"https:\/\/www.phvsa.de\/index.php?rest_route=%2Fwp%2Fv2%2Fmedia&parent=5393"}],"wp:term":[{"taxonomy":"category","embeddable":true,"href":"https:\/\/www.phvsa.de\/index.php?rest_route=%2Fwp%2Fv2%2Fcategories&post=5393"},{"taxonomy":"post_tag","embeddable":true,"href":"https:\/\/www.phvsa.de\/index.php?rest_route=%2Fwp%2Fv2%2Ftags&post=5393"}],"curies":[{"name":"wp","href":"https:\/\/api.w.org\/{rel}","templated":true}]}}