{"id":5406,"date":"2023-02-12T08:37:20","date_gmt":"2023-02-12T08:37:20","guid":{"rendered":"https:\/\/www.phvsa.de\/?p=5406"},"modified":"2023-02-12T08:44:35","modified_gmt":"2023-02-12T08:44:35","slug":"pressemitteilung-der-schulleitervereinigung-zu-den-protestkundgebungen-der-lehrkraefte-aus-sachsen-anhalt-am-13-und-14-februar-2023","status":"publish","type":"post","link":"https:\/\/www.phvsa.de\/?p=5406","title":{"rendered":"Pressemitteilung der Schulleitervereinigung zu den Protestkundgebungen der Lehrkr\u00e4fte aus Sachsen-Anhalt am 13. und 14. Februar 2023"},"content":{"rendered":"\t\t<div data-elementor-type=\"wp-post\" data-elementor-id=\"5406\" class=\"elementor elementor-5406\">\n\t\t\t\t\t\t<section class=\"elementor-section elementor-top-section elementor-element elementor-element-d0ce367 elementor-section-boxed elementor-section-height-default elementor-section-height-default\" data-id=\"d0ce367\" data-element_type=\"section\" data-e-type=\"section\">\n\t\t\t\t\t\t<div class=\"elementor-container elementor-column-gap-default\">\n\t\t\t\t\t<div class=\"elementor-column elementor-col-100 elementor-top-column elementor-element elementor-element-8ff8dc5\" data-id=\"8ff8dc5\" data-element_type=\"column\" data-e-type=\"column\">\n\t\t\t<div class=\"elementor-widget-wrap elementor-element-populated\">\n\t\t\t\t\t\t<div class=\"elementor-element elementor-element-cdd59c7 elementor-widget elementor-widget-heading\" data-id=\"cdd59c7\" data-element_type=\"widget\" data-e-type=\"widget\" data-widget_type=\"heading.default\">\n\t\t\t\t<div class=\"elementor-widget-container\">\n\t\t\t\t\t<h2 class=\"elementor-heading-title elementor-size-default\"><span style=\"font-size: 24.6816px\">Bildungsgipfel sendet kontraproduktives Signal<\/span><\/h2>\t\t\t\t<\/div>\n\t\t\t\t<\/div>\n\t\t\t\t\t<\/div>\n\t\t<\/div>\n\t\t\t\t\t<\/div>\n\t\t<\/section>\n\t\t\t\t<section class=\"elementor-section elementor-top-section elementor-element elementor-element-484feba elementor-section-boxed elementor-section-height-default elementor-section-height-default\" data-id=\"484feba\" data-element_type=\"section\" data-e-type=\"section\">\n\t\t\t\t\t\t<div class=\"elementor-container elementor-column-gap-default\">\n\t\t\t\t\t<div class=\"elementor-column elementor-col-100 elementor-top-column elementor-element elementor-element-292b8fc\" data-id=\"292b8fc\" data-element_type=\"column\" data-e-type=\"column\">\n\t\t\t<div class=\"elementor-widget-wrap elementor-element-populated\">\n\t\t\t\t\t\t<div class=\"elementor-element elementor-element-b6cb32d elementor-widget elementor-widget-text-editor\" data-id=\"b6cb32d\" data-element_type=\"widget\" data-e-type=\"widget\" data-widget_type=\"text-editor.default\">\n\t\t\t\t<div class=\"elementor-widget-container\">\n\t\t\t\t\t\t\t\t\t<p>Beim bildungspolitischen Dialog in Sachsen-Anhalts Staatskanzlei wurde von allen Beteiligten einschlie\u00dflich des Ministerpr\u00e4sidenten betont, wie wichtig es sei, f\u00fcr die Attraktivit\u00e4t des Schuldienstes in Sachsen-Anhalt zu werben und diese weiter zu erh\u00f6hen.<\/p><p>Schon jetzt zeigt sich jedoch \u00fcberdeutlich, dass die von der Landesregierung eingeleiteten Mehrbelastungen zu diesem Ziel nicht beitragen werden. Andreas Slowig, Vorsitzender der Vereinigung der Schulleiter an Gymnasien: \u201eWir als Schulleiterinnen und Schulleiter nehmen nach den Beschl\u00fcssen gro\u00dfe Unruhe und Emp\u00f6rung in den Kollegien wahr. Unsere Lehrerinnen und Lehrer sind entt\u00e4uscht, dass ihre vielfach durch Arbeitszeitstudien dokumentierte hohe berufliche Belastung noch weiter anwachsen soll\u201c.<\/p><p>Die Landesregierung k\u00fcndigt einen seit \u00fcber zwei Jahrzehnten aus guten Gr\u00fcnden bestehenden Konsens, nicht an der \u201eStundenschraube\u201c zu drehen, auf. Die von Ministerpr\u00e4sident Haseloff mehrfach get\u00e4tigte Aussage, Lehrerinnen und Lehrer in Sachsen-Anhalt w\u00fcrden bez\u00fcglich zu leistender Unterrichtsstunden den anderen Bundesl\u00e4ndern gleichgesetzt, h\u00e4lt selbst einer oberfl\u00e4chlichen Pr\u00fcfung nicht stand. Lehrerinnen und Lehrer in Bayern oder Niedersachsen stehen bis zu drei Stunden w\u00f6chentlich weniger vor der Klasse, in Th\u00fcringen und Sachsen erhalten Lehrkr\u00e4fte ab dem 55. Lebensjahr Abminderungsstunden.<\/p><p>\u201eEinige Schulleiterinnen und Schulleiter berichten von ersten K\u00fcndigungen in ihren Kollegien sowie von Lehrerinnen bzw. Lehrern, die nun erst recht den fr\u00fchestm\u00f6glichen gesetzlichen Renteneintritt ank\u00fcndigen\u201c, so Slowig. Verunsicherung an den Schulen l\u00f6st insbesondere die mit der \u201eVorgriffsstunde\u201c verbundene Ank\u00fcndigung von Personalbewegungen in Form von Kettenabordnungen aus, die den Unterrichtsbetrieb in jeder Schule im laufenden Schuljahr massiv beeintr\u00e4chtigen werden.<\/p>\n<p><\/p>\n<p>Der Lehrkr\u00e4ftemangel in Sachsen-Anhalt ist ein objektives Problem, vor dem alle Lehrerverb\u00e4nde bereits seit Jahren erfolglos gewarnt haben. Erforderliche Gegenma\u00dfnahmen, wie eine Verbreiterung des Einstellungskorridors oder eine Erh\u00f6hung der Ausbildungskapazit\u00e4ten, wurden zu sp\u00e4t ergriffen. Die Lehrkr\u00e4fte, die das System Schule die letzten Jahrzehnte unter gro\u00dfen Anstrengungen am Laufen hielten, werden nun f\u00fcr die politischen Fehler, die den aktuellen Missstand herbeigef\u00fchrt haben, zur Kasse gebeten.<\/p><p>Slowig: \u201eNeben der eigenen Betroffenheit von der Mehrbelastung gebietet die F\u00fcrsorgepflicht als Schulleiterinnen und Schulleiter gegen\u00fcber unseren Lehrkr\u00e4ften, uns dem Aufruf der Gewerkschaften bzw. Verb\u00e4nde zu Protestkundgebungen in Magdeburg und Halle anzuschlie\u00dfen. Das geschieht aus der \u00dcberzeugung, dass die beschlossenen Ma\u00dfnahmen die Unterrichtsversorgung nicht ansatzweise in dem Umfang verbessern werden, wie von den Verantwortlichen erhofft.\u201c<\/p><p><i>Halle (Saale), 10.02.2023<\/i><\/p>\t\t\t\t\t\t\t\t<\/div>\n\t\t\t\t<\/div>\n\t\t\t\t\t<\/div>\n\t\t<\/div>\n\t\t\t\t\t<\/div>\n\t\t<\/section>\n\t\t\t\t<\/div>\n\t\t","protected":false},"excerpt":{"rendered":"<p>Bildungsgipfel sendet kontraproduktives Signal Beim bildungspolitischen Dialog in Sachsen-Anhalts Staatskanzlei wurde von allen Beteiligten einschlie\u00dflich des Ministerpr\u00e4sidenten betont, wie wichtig es sei, f\u00fcr die Attraktivit\u00e4t des Schuldienstes in Sachsen-Anhalt zu werben und diese weiter zu erh\u00f6hen. Schon jetzt zeigt sich jedoch \u00fcberdeutlich, dass die von der Landesregierung eingeleiteten Mehrbelastungen zu diesem Ziel nicht beitragen werden. [&hellip;]<\/p>\n","protected":false},"author":1,"featured_media":0,"comment_status":"closed","ping_status":"closed","sticky":false,"template":"","format":"standard","meta":{"zakra_sidebar_layout":"customizer","zakra_remove_content_margin":false,"zakra_sidebar":"customizer","zakra_transparent_header":"customizer","zakra_logo":0,"zakra_main_header_style":"default","zakra_menu_item_color":"","zakra_menu_item_hover_color":"","zakra_menu_item_active_color":"","zakra_menu_active_style":"","zakra_page_header":true,"inline_featured_image":false,"footnotes":""},"categories":[113,117],"tags":[155,153,146,158,157,156],"class_list":["post-5406","post","type-post","status-publish","format-standard","hentry","category-berufspolitik","category-pressemitteilungen","tag-arbeitszeiterhoehung","tag-bildungsgipfel","tag-lehrermangel","tag-protest","tag-schulleitervereinigung","tag-schulleitung"],"aioseo_notices":[],"rttpg_featured_image_url":null,"rttpg_author":{"display_name":"admin","author_link":"https:\/\/www.phvsa.de\/?author=1"},"rttpg_comment":0,"rttpg_category":"<a href=\"https:\/\/www.phvsa.de\/?cat=113\" rel=\"category\">Berufspolitik<\/a> <a href=\"https:\/\/www.phvsa.de\/?cat=117\" rel=\"category\">Pressemitteilungen<\/a>","rttpg_excerpt":"Bildungsgipfel sendet kontraproduktives Signal Beim bildungspolitischen Dialog in Sachsen-Anhalts Staatskanzlei wurde von allen Beteiligten einschlie\u00dflich des Ministerpr\u00e4sidenten betont, wie wichtig es sei, f\u00fcr die Attraktivit\u00e4t des Schuldienstes in Sachsen-Anhalt zu werben und diese weiter zu erh\u00f6hen. Schon jetzt zeigt sich jedoch \u00fcberdeutlich, dass die von der Landesregierung eingeleiteten Mehrbelastungen zu diesem Ziel nicht beitragen werden.&hellip;","_links":{"self":[{"href":"https:\/\/www.phvsa.de\/index.php?rest_route=\/wp\/v2\/posts\/5406","targetHints":{"allow":["GET"]}}],"collection":[{"href":"https:\/\/www.phvsa.de\/index.php?rest_route=\/wp\/v2\/posts"}],"about":[{"href":"https:\/\/www.phvsa.de\/index.php?rest_route=\/wp\/v2\/types\/post"}],"author":[{"embeddable":true,"href":"https:\/\/www.phvsa.de\/index.php?rest_route=\/wp\/v2\/users\/1"}],"replies":[{"embeddable":true,"href":"https:\/\/www.phvsa.de\/index.php?rest_route=%2Fwp%2Fv2%2Fcomments&post=5406"}],"version-history":[{"count":4,"href":"https:\/\/www.phvsa.de\/index.php?rest_route=\/wp\/v2\/posts\/5406\/revisions"}],"predecessor-version":[{"id":5411,"href":"https:\/\/www.phvsa.de\/index.php?rest_route=\/wp\/v2\/posts\/5406\/revisions\/5411"}],"wp:attachment":[{"href":"https:\/\/www.phvsa.de\/index.php?rest_route=%2Fwp%2Fv2%2Fmedia&parent=5406"}],"wp:term":[{"taxonomy":"category","embeddable":true,"href":"https:\/\/www.phvsa.de\/index.php?rest_route=%2Fwp%2Fv2%2Fcategories&post=5406"},{"taxonomy":"post_tag","embeddable":true,"href":"https:\/\/www.phvsa.de\/index.php?rest_route=%2Fwp%2Fv2%2Ftags&post=5406"}],"curies":[{"name":"wp","href":"https:\/\/api.w.org\/{rel}","templated":true}]}}