{"id":5640,"date":"2023-11-14T10:12:30","date_gmt":"2023-11-14T10:12:30","guid":{"rendered":"https:\/\/www.phvsa.de\/?p=5640"},"modified":"2023-11-16T20:23:59","modified_gmt":"2023-11-16T20:23:59","slug":"kleiner-vertretertag-2023-gar-nicht-so-klein","status":"publish","type":"post","link":"https:\/\/www.phvsa.de\/?p=5640","title":{"rendered":"Kleiner Vertretertag 2023 &#8211; gar nicht so klein!"},"content":{"rendered":"\t\t<div data-elementor-type=\"wp-post\" data-elementor-id=\"5640\" class=\"elementor elementor-5640\">\n\t\t\t\t\t\t<section class=\"elementor-section elementor-top-section elementor-element elementor-element-70de878c elementor-section-boxed elementor-section-height-default elementor-section-height-default\" data-id=\"70de878c\" data-element_type=\"section\" data-e-type=\"section\">\n\t\t\t\t\t\t<div class=\"elementor-container elementor-column-gap-default\">\n\t\t\t\t\t<div class=\"elementor-column elementor-col-100 elementor-top-column elementor-element elementor-element-4195fe92\" data-id=\"4195fe92\" data-element_type=\"column\" data-e-type=\"column\">\n\t\t\t<div class=\"elementor-widget-wrap elementor-element-populated\">\n\t\t\t\t\t\t<div class=\"elementor-element elementor-element-58b4fa15 elementor-widget elementor-widget-text-editor\" data-id=\"58b4fa15\" data-element_type=\"widget\" data-e-type=\"widget\" data-widget_type=\"text-editor.default\">\n\t\t\t\t<div class=\"elementor-widget-container\">\n\t\t\t\t\t\t\t\t\t<p><span style=\"font-size: 12.0pt; line-height: 107%;\">Der Vertretertag unseres Verbandes fand kurz vor den wohlverdienten Herbstferien am 11. Oktober im Elisabeth-Gymnasium in Halle statt. Schon an dieser Stelle gilt unser Dank der Schulleitung, den Mitarbeitern und den Sch\u00fclern des Gymnasiums f\u00fcr das Bereitstellen des Tagungsraumes, f\u00fcr die Versorgung und f\u00fcr die k\u00fcnstlerische Begleitung dieses H\u00f6hepunktes des Verbandslebens. Unter dem Motto: \u201eDigitalisierung \u2013 Chancen und Risiken\u201c gab es f\u00fcr die Delegierten und unsere G\u00e4ste interessante Vortr\u00e4ge und Diskussionen zu diesem Thema, das uns in Zukunft noch intensiv besch\u00e4ftigen wird. Die Worte zur Begr\u00fc\u00dfung durch den Vorsitzenden des PhVSA, Herrn Thomas Gaube, lenkten auf das Thema hin, beinhalteten aber klare Forderungen unseres Verbandes in Bezug auf die momentane Belastung der Lehrerinnen und Lehrer. Insbesondere die umstrittene Einf\u00fchrung der Vorgriffsstunde und die klaren Positionen des PhVSA in den kommenden Tarifauseinandersetzungen standen hier im Mittelpunkt.Die Ausf\u00fchrungen von Frau Prof. Susanne Lin-Klitzing, Vorsitzende des DPHV, und die Impulsreferate von Paula Friedrich (PhVSA) und Thomas Langer (S\u00e4chsischer Philologenverband) machte die Bedeutung, die Anforderungen und die momentane Situation beim Unterrichten mit digitalen Hilfsmitteln deutlich. Die Gr\u00fc\u00dfe des Ministeriums f\u00fcr Bildung und des Landesschulamtes \u00fcberbrachte Herr Thomas Sch\u00f6del, Direktor des LISA. Hier standen Wertsch\u00e4tzung und vertrauensvolle Zusammenarbeit im Mittelpunkt. <\/span><\/p><p><span style=\"font-size: 12.0pt; line-height: 107%;\">Der Festvortrag von Herrn Dr. Alexander Jatzko, Facharzt f\u00fcr Psychiatrie und Psychotherapie und Chefarzt einer renommierten Klinik in Obersdorf, zeigte eine andere Seite der Nutzung der digitalen Hilfsmittel durch Kinder und Jugendliche auf, die durchaus zum Nachdenken anregen sollte. Die Delegierten und unsere G\u00e4ste waren der Aussagekraft des Vortrages und auch von der gekonnten Darbietung begeistert. Vielen Dank, Herr Dr. Jatzko!<\/span><\/p><p><span style=\"font-size: 12.0pt; line-height: 107%;\">Herr Stephan Baier moderierte die Veranstaltung in gekonnter und gewohnter Weise. Vielen Dank daf\u00fcr.<\/span><\/p><p><span style=\"font-size: 12.0pt; line-height: 107%;\">Im nicht\u00f6ffentlichen Teil des Vertretertages gab es nach entsprechenden Antr\u00e4gen Beschl\u00fcsse zur k\u00fcnftigen Entwicklung der Mitgliederbeitr\u00e4ge. Diese Beschl\u00fcsse werden in der Satzung verankert und k\u00f6nnen dort eingesehen werden. Die Ver\u00e4nderungen wurden dringend notwendig, um die Finanzierung der Arbeit unseres Verbandes in Gegenwart und Zukunft zu sicher.<\/span><\/p><p><span style=\"font-size: 12.0pt; line-height: 107%;\">Ein Res\u00fcmee der Delegierten: \u201eDas war eine gelungene und informative Veranstaltung!\u201c<\/span><\/p>\t\t\t\t\t\t\t\t<\/div>\n\t\t\t\t<\/div>\n\t\t\t\t\t<\/div>\n\t\t<\/div>\n\t\t\t\t\t<\/div>\n\t\t<\/section>\n\t\t\t\t<section class=\"elementor-section elementor-top-section elementor-element elementor-element-5b2a9fe elementor-section-boxed elementor-section-height-default elementor-section-height-default\" data-id=\"5b2a9fe\" data-element_type=\"section\" data-e-type=\"section\">\n\t\t\t\t\t\t<div class=\"elementor-container elementor-column-gap-default\">\n\t\t\t\t\t<div class=\"elementor-column elementor-col-100 elementor-top-column elementor-element elementor-element-02178fd\" data-id=\"02178fd\" data-element_type=\"column\" data-e-type=\"column\">\n\t\t\t<div class=\"elementor-widget-wrap elementor-element-populated\">\n\t\t\t\t\t\t<section class=\"elementor-section elementor-inner-section elementor-element elementor-element-0c42436 elementor-section-boxed elementor-section-height-default elementor-section-height-default\" data-id=\"0c42436\" data-element_type=\"section\" data-e-type=\"section\">\n\t\t\t\t\t\t<div class=\"elementor-container elementor-column-gap-default\">\n\t\t\t\t\t<div class=\"elementor-column elementor-col-50 elementor-inner-column elementor-element elementor-element-9497b04\" data-id=\"9497b04\" data-element_type=\"column\" data-e-type=\"column\">\n\t\t\t<div class=\"elementor-widget-wrap elementor-element-populated\">\n\t\t\t\t\t\t<div class=\"elementor-element elementor-element-853d06a elementor-widget elementor-widget-image\" data-id=\"853d06a\" data-element_type=\"widget\" data-e-type=\"widget\" data-widget_type=\"image.default\">\n\t\t\t\t<div class=\"elementor-widget-container\">\n\t\t\t\t\t\t\t\t\t\t\t\t<figure class=\"wp-caption\">\n\t\t\t\t\t\t\t\t\t\t<img fetchpriority=\"high\" decoding=\"async\" width=\"591\" height=\"395\" src=\"https:\/\/www.phvsa.de\/wp-content\/uploads\/2023\/11\/VT23_1.jpg\" class=\"attachment-large size-large wp-image-5643\" alt=\"\" srcset=\"https:\/\/www.phvsa.de\/wp-content\/uploads\/2023\/11\/VT23_1.jpg 591w, https:\/\/www.phvsa.de\/wp-content\/uploads\/2023\/11\/VT23_1-300x201.jpg 300w, https:\/\/www.phvsa.de\/wp-content\/uploads\/2023\/11\/VT23_1-272x182.jpg 272w\" sizes=\"(max-width: 591px) 100vw, 591px\" \/>\t\t\t\t\t\t\t\t\t\t\t<figcaption class=\"widget-image-caption wp-caption-text\">Thomas Gaube, Vorsitzender des PhVSA         <\/figcaption>\n\t\t\t\t\t\t\t\t\t\t<\/figure>\n\t\t\t\t\t\t\t\t\t<\/div>\n\t\t\t\t<\/div>\n\t\t\t\t\t<\/div>\n\t\t<\/div>\n\t\t\t\t<div class=\"elementor-column elementor-col-50 elementor-inner-column elementor-element elementor-element-b8945a2\" data-id=\"b8945a2\" data-element_type=\"column\" data-e-type=\"column\">\n\t\t\t<div class=\"elementor-widget-wrap elementor-element-populated\">\n\t\t\t\t\t\t<div class=\"elementor-element elementor-element-e93e2fd elementor-widget elementor-widget-image\" data-id=\"e93e2fd\" data-element_type=\"widget\" data-e-type=\"widget\" data-widget_type=\"image.default\">\n\t\t\t\t<div class=\"elementor-widget-container\">\n\t\t\t\t\t\t\t\t\t\t\t\t<figure class=\"wp-caption\">\n\t\t\t\t\t\t\t\t\t\t<img decoding=\"async\" width=\"596\" height=\"397\" data-src=\"https:\/\/www.phvsa.de\/wp-content\/uploads\/2023\/11\/VT23_2.jpg\" class=\"attachment-large size-large wp-image-5644 lazyload\" alt=\"\" data-srcset=\"https:\/\/www.phvsa.de\/wp-content\/uploads\/2023\/11\/VT23_2.jpg 596w, https:\/\/www.phvsa.de\/wp-content\/uploads\/2023\/11\/VT23_2-300x200.jpg 300w, https:\/\/www.phvsa.de\/wp-content\/uploads\/2023\/11\/VT23_2-272x182.jpg 272w\" data-sizes=\"(max-width: 596px) 100vw, 596px\" src=\"data:image\/svg+xml;base64,PHN2ZyB3aWR0aD0iMSIgaGVpZ2h0PSIxIiB4bWxucz0iaHR0cDovL3d3dy53My5vcmcvMjAwMC9zdmciPjwvc3ZnPg==\" style=\"--smush-placeholder-width: 596px; --smush-placeholder-aspect-ratio: 596\/397;\" \/>\t\t\t\t\t\t\t\t\t\t\t<figcaption class=\"widget-image-caption wp-caption-text\">Prof. Susanne Lin-Klitzing, Vorsitzende des DPHV<\/figcaption>\n\t\t\t\t\t\t\t\t\t\t<\/figure>\n\t\t\t\t\t\t\t\t\t<\/div>\n\t\t\t\t<\/div>\n\t\t\t\t\t<\/div>\n\t\t<\/div>\n\t\t\t\t\t<\/div>\n\t\t<\/section>\n\t\t\t\t<section class=\"elementor-section elementor-inner-section elementor-element elementor-element-0653fa1 elementor-section-boxed elementor-section-height-default elementor-section-height-default\" data-id=\"0653fa1\" data-element_type=\"section\" data-e-type=\"section\">\n\t\t\t\t\t\t<div class=\"elementor-container elementor-column-gap-default\">\n\t\t\t\t\t<div class=\"elementor-column elementor-col-50 elementor-inner-column elementor-element elementor-element-740c614\" data-id=\"740c614\" data-element_type=\"column\" data-e-type=\"column\">\n\t\t\t<div class=\"elementor-widget-wrap elementor-element-populated\">\n\t\t\t\t\t\t<div class=\"elementor-element elementor-element-b555ede elementor-widget elementor-widget-image\" data-id=\"b555ede\" data-element_type=\"widget\" data-e-type=\"widget\" data-widget_type=\"image.default\">\n\t\t\t\t<div class=\"elementor-widget-container\">\n\t\t\t\t\t\t\t\t\t\t\t\t<figure class=\"wp-caption\">\n\t\t\t\t\t\t\t\t\t\t<img decoding=\"async\" width=\"614\" height=\"410\" data-src=\"https:\/\/www.phvsa.de\/wp-content\/uploads\/2023\/11\/VT23_3.jpg\" class=\"attachment-large size-large wp-image-5645 lazyload\" alt=\"\" data-srcset=\"https:\/\/www.phvsa.de\/wp-content\/uploads\/2023\/11\/VT23_3.jpg 614w, https:\/\/www.phvsa.de\/wp-content\/uploads\/2023\/11\/VT23_3-300x200.jpg 300w, https:\/\/www.phvsa.de\/wp-content\/uploads\/2023\/11\/VT23_3-272x182.jpg 272w\" data-sizes=\"(max-width: 614px) 100vw, 614px\" src=\"data:image\/svg+xml;base64,PHN2ZyB3aWR0aD0iMSIgaGVpZ2h0PSIxIiB4bWxucz0iaHR0cDovL3d3dy53My5vcmcvMjAwMC9zdmciPjwvc3ZnPg==\" style=\"--smush-placeholder-width: 614px; --smush-placeholder-aspect-ratio: 614\/410;\" \/>\t\t\t\t\t\t\t\t\t\t\t<figcaption class=\"widget-image-caption wp-caption-text\">Paula Friedrich<\/figcaption>\n\t\t\t\t\t\t\t\t\t\t<\/figure>\n\t\t\t\t\t\t\t\t\t<\/div>\n\t\t\t\t<\/div>\n\t\t\t\t\t<\/div>\n\t\t<\/div>\n\t\t\t\t<div class=\"elementor-column elementor-col-50 elementor-inner-column elementor-element elementor-element-c4224b5\" data-id=\"c4224b5\" data-element_type=\"column\" data-e-type=\"column\">\n\t\t\t<div class=\"elementor-widget-wrap elementor-element-populated\">\n\t\t\t\t\t\t<div class=\"elementor-element elementor-element-2f0f4f3 elementor-widget elementor-widget-image\" data-id=\"2f0f4f3\" data-element_type=\"widget\" data-e-type=\"widget\" data-widget_type=\"image.default\">\n\t\t\t\t<div class=\"elementor-widget-container\">\n\t\t\t\t\t\t\t\t\t\t\t\t<figure class=\"wp-caption\">\n\t\t\t\t\t\t\t\t\t\t<img decoding=\"async\" width=\"614\" height=\"410\" data-src=\"https:\/\/www.phvsa.de\/wp-content\/uploads\/2023\/11\/VT23_4.jpg\" class=\"attachment-large size-large wp-image-5646 lazyload\" alt=\"\" data-srcset=\"https:\/\/www.phvsa.de\/wp-content\/uploads\/2023\/11\/VT23_4.jpg 614w, https:\/\/www.phvsa.de\/wp-content\/uploads\/2023\/11\/VT23_4-300x200.jpg 300w, https:\/\/www.phvsa.de\/wp-content\/uploads\/2023\/11\/VT23_4-272x182.jpg 272w\" data-sizes=\"(max-width: 614px) 100vw, 614px\" src=\"data:image\/svg+xml;base64,PHN2ZyB3aWR0aD0iMSIgaGVpZ2h0PSIxIiB4bWxucz0iaHR0cDovL3d3dy53My5vcmcvMjAwMC9zdmciPjwvc3ZnPg==\" style=\"--smush-placeholder-width: 614px; --smush-placeholder-aspect-ratio: 614\/410;\" \/>\t\t\t\t\t\t\t\t\t\t\t<figcaption class=\"widget-image-caption wp-caption-text\">Dr. Alexander Jatzko<\/figcaption>\n\t\t\t\t\t\t\t\t\t\t<\/figure>\n\t\t\t\t\t\t\t\t\t<\/div>\n\t\t\t\t<\/div>\n\t\t\t\t\t<\/div>\n\t\t<\/div>\n\t\t\t\t\t<\/div>\n\t\t<\/section>\n\t\t\t\t<section class=\"elementor-section elementor-inner-section elementor-element elementor-element-a6ef3bb elementor-section-boxed elementor-section-height-default elementor-section-height-default\" data-id=\"a6ef3bb\" data-element_type=\"section\" data-e-type=\"section\">\n\t\t\t\t\t\t<div class=\"elementor-container elementor-column-gap-default\">\n\t\t\t\t\t<div class=\"elementor-column elementor-col-50 elementor-inner-column elementor-element elementor-element-7527fcb\" data-id=\"7527fcb\" data-element_type=\"column\" data-e-type=\"column\">\n\t\t\t<div class=\"elementor-widget-wrap elementor-element-populated\">\n\t\t\t\t\t\t<div class=\"elementor-element elementor-element-89d1cda elementor-widget elementor-widget-image\" data-id=\"89d1cda\" data-element_type=\"widget\" data-e-type=\"widget\" data-widget_type=\"image.default\">\n\t\t\t\t<div class=\"elementor-widget-container\">\n\t\t\t\t\t\t\t\t\t\t\t\t<figure class=\"wp-caption\">\n\t\t\t\t\t\t\t\t\t\t<img decoding=\"async\" width=\"596\" height=\"398\" data-src=\"https:\/\/www.phvsa.de\/wp-content\/uploads\/2023\/11\/VT23_5.jpg\" class=\"attachment-large size-large wp-image-5647 lazyload\" alt=\"\" data-srcset=\"https:\/\/www.phvsa.de\/wp-content\/uploads\/2023\/11\/VT23_5.jpg 596w, https:\/\/www.phvsa.de\/wp-content\/uploads\/2023\/11\/VT23_5-300x200.jpg 300w, https:\/\/www.phvsa.de\/wp-content\/uploads\/2023\/11\/VT23_5-272x182.jpg 272w\" data-sizes=\"(max-width: 596px) 100vw, 596px\" src=\"data:image\/svg+xml;base64,PHN2ZyB3aWR0aD0iMSIgaGVpZ2h0PSIxIiB4bWxucz0iaHR0cDovL3d3dy53My5vcmcvMjAwMC9zdmciPjwvc3ZnPg==\" style=\"--smush-placeholder-width: 596px; --smush-placeholder-aspect-ratio: 596\/398;\" \/>\t\t\t\t\t\t\t\t\t\t\t<figcaption class=\"widget-image-caption wp-caption-text\">Stephan Baier<\/figcaption>\n\t\t\t\t\t\t\t\t\t\t<\/figure>\n\t\t\t\t\t\t\t\t\t<\/div>\n\t\t\t\t<\/div>\n\t\t\t\t\t<\/div>\n\t\t<\/div>\n\t\t\t\t<div class=\"elementor-column elementor-col-50 elementor-inner-column elementor-element elementor-element-9d763a4\" data-id=\"9d763a4\" data-element_type=\"column\" data-e-type=\"column\">\n\t\t\t<div class=\"elementor-widget-wrap elementor-element-populated\">\n\t\t\t\t\t\t<div class=\"elementor-element elementor-element-dc9c847 elementor-widget elementor-widget-image\" data-id=\"dc9c847\" data-element_type=\"widget\" data-e-type=\"widget\" data-widget_type=\"image.default\">\n\t\t\t\t<div class=\"elementor-widget-container\">\n\t\t\t\t\t\t\t\t\t\t\t\t<figure class=\"wp-caption\">\n\t\t\t\t\t\t\t\t\t\t<img decoding=\"async\" width=\"606\" height=\"404\" data-src=\"https:\/\/www.phvsa.de\/wp-content\/uploads\/2023\/11\/VT23_6.jpg\" class=\"attachment-large size-large wp-image-5648 lazyload\" alt=\"\" data-srcset=\"https:\/\/www.phvsa.de\/wp-content\/uploads\/2023\/11\/VT23_6.jpg 606w, https:\/\/www.phvsa.de\/wp-content\/uploads\/2023\/11\/VT23_6-300x200.jpg 300w, https:\/\/www.phvsa.de\/wp-content\/uploads\/2023\/11\/VT23_6-272x182.jpg 272w\" data-sizes=\"(max-width: 606px) 100vw, 606px\" src=\"data:image\/svg+xml;base64,PHN2ZyB3aWR0aD0iMSIgaGVpZ2h0PSIxIiB4bWxucz0iaHR0cDovL3d3dy53My5vcmcvMjAwMC9zdmciPjwvc3ZnPg==\" style=\"--smush-placeholder-width: 606px; --smush-placeholder-aspect-ratio: 606\/404;\" \/>\t\t\t\t\t\t\t\t\t\t\t<figcaption class=\"widget-image-caption wp-caption-text\">Thomas Sch\u00f6del, Direktor des LISA<\/figcaption>\n\t\t\t\t\t\t\t\t\t\t<\/figure>\n\t\t\t\t\t\t\t\t\t<\/div>\n\t\t\t\t<\/div>\n\t\t\t\t\t<\/div>\n\t\t<\/div>\n\t\t\t\t\t<\/div>\n\t\t<\/section>\n\t\t\t\t\t<\/div>\n\t\t<\/div>\n\t\t\t\t\t<\/div>\n\t\t<\/section>\n\t\t\t\t<\/div>\n\t\t","protected":false},"excerpt":{"rendered":"<p>Der Vertretertag unseres Verbandes fand kurz vor den wohlverdienten Herbstferien am 11. Oktober im Elisabeth-Gymnasium in Halle statt. Schon an dieser Stelle gilt unser Dank der Schulleitung, den Mitarbeitern und den Sch\u00fclern des Gymnasiums f\u00fcr das Bereitstellen des Tagungsraumes, f\u00fcr die Versorgung und f\u00fcr die k\u00fcnstlerische Begleitung dieses H\u00f6hepunktes des Verbandslebens. Unter dem Motto: \u201eDigitalisierung [&hellip;]<\/p>\n","protected":false},"author":1,"featured_media":5676,"comment_status":"closed","ping_status":"closed","sticky":false,"template":"","format":"standard","meta":{"zakra_sidebar_layout":"customizer","zakra_remove_content_margin":false,"zakra_sidebar":"customizer","zakra_transparent_header":"customizer","zakra_logo":0,"zakra_main_header_style":"default","zakra_menu_item_color":"","zakra_menu_item_hover_color":"","zakra_menu_item_active_color":"","zakra_menu_active_style":"","zakra_page_header":true,"inline_featured_image":false,"footnotes":""},"categories":[125,116],"tags":[161],"class_list":["post-5640","post","type-post","status-publish","format-standard","has-post-thumbnail","hentry","category-phvsa","category-veranstaltungen","tag-vertretertag"],"aioseo_notices":[],"rttpg_featured_image_url":{"full":["https:\/\/www.phvsa.de\/wp-content\/uploads\/2023\/11\/PXL_20231114_104840049.PORTRAIT-scaled.jpg",2560,1440,false],"landscape":["https:\/\/www.phvsa.de\/wp-content\/uploads\/2023\/11\/PXL_20231114_104840049.PORTRAIT-scaled.jpg",2560,1440,false],"portraits":["https:\/\/www.phvsa.de\/wp-content\/uploads\/2023\/11\/PXL_20231114_104840049.PORTRAIT-scaled.jpg",2560,1440,false],"thumbnail":["https:\/\/www.phvsa.de\/wp-content\/uploads\/2023\/11\/PXL_20231114_104840049.PORTRAIT-150x150.jpg",150,150,true],"medium":["https:\/\/www.phvsa.de\/wp-content\/uploads\/2023\/11\/PXL_20231114_104840049.PORTRAIT-300x169.jpg",300,169,true],"large":["https:\/\/www.phvsa.de\/wp-content\/uploads\/2023\/11\/PXL_20231114_104840049.PORTRAIT-1024x576.jpg",812,457,true],"1536x1536":["https:\/\/www.phvsa.de\/wp-content\/uploads\/2023\/11\/PXL_20231114_104840049.PORTRAIT-1536x864.jpg",1536,864,true],"2048x2048":["https:\/\/www.phvsa.de\/wp-content\/uploads\/2023\/11\/PXL_20231114_104840049.PORTRAIT-2048x1152.jpg",2048,1152,true],"sow-carousel-default":["https:\/\/www.phvsa.de\/wp-content\/uploads\/2023\/11\/PXL_20231114_104840049.PORTRAIT-272x182.jpg",272,182,true]},"rttpg_author":{"display_name":"admin","author_link":"https:\/\/www.phvsa.de\/?author=1"},"rttpg_comment":0,"rttpg_category":"<a href=\"https:\/\/www.phvsa.de\/?cat=125\" rel=\"category\">PhVSA<\/a> <a href=\"https:\/\/www.phvsa.de\/?cat=116\" rel=\"category\">Veranstaltungen<\/a>","rttpg_excerpt":"Der Vertretertag unseres Verbandes fand kurz vor den wohlverdienten Herbstferien am 11. Oktober im Elisabeth-Gymnasium in Halle statt. Schon an dieser Stelle gilt unser Dank der Schulleitung, den Mitarbeitern und den Sch\u00fclern des Gymnasiums f\u00fcr das Bereitstellen des Tagungsraumes, f\u00fcr die Versorgung und f\u00fcr die k\u00fcnstlerische Begleitung dieses H\u00f6hepunktes des Verbandslebens. Unter dem Motto: \u201eDigitalisierung&hellip;","_links":{"self":[{"href":"https:\/\/www.phvsa.de\/index.php?rest_route=\/wp\/v2\/posts\/5640","targetHints":{"allow":["GET"]}}],"collection":[{"href":"https:\/\/www.phvsa.de\/index.php?rest_route=\/wp\/v2\/posts"}],"about":[{"href":"https:\/\/www.phvsa.de\/index.php?rest_route=\/wp\/v2\/types\/post"}],"author":[{"embeddable":true,"href":"https:\/\/www.phvsa.de\/index.php?rest_route=\/wp\/v2\/users\/1"}],"replies":[{"embeddable":true,"href":"https:\/\/www.phvsa.de\/index.php?rest_route=%2Fwp%2Fv2%2Fcomments&post=5640"}],"version-history":[{"count":10,"href":"https:\/\/www.phvsa.de\/index.php?rest_route=\/wp\/v2\/posts\/5640\/revisions"}],"predecessor-version":[{"id":5687,"href":"https:\/\/www.phvsa.de\/index.php?rest_route=\/wp\/v2\/posts\/5640\/revisions\/5687"}],"wp:featuredmedia":[{"embeddable":true,"href":"https:\/\/www.phvsa.de\/index.php?rest_route=\/wp\/v2\/media\/5676"}],"wp:attachment":[{"href":"https:\/\/www.phvsa.de\/index.php?rest_route=%2Fwp%2Fv2%2Fmedia&parent=5640"}],"wp:term":[{"taxonomy":"category","embeddable":true,"href":"https:\/\/www.phvsa.de\/index.php?rest_route=%2Fwp%2Fv2%2Fcategories&post=5640"},{"taxonomy":"post_tag","embeddable":true,"href":"https:\/\/www.phvsa.de\/index.php?rest_route=%2Fwp%2Fv2%2Ftags&post=5640"}],"curies":[{"name":"wp","href":"https:\/\/api.w.org\/{rel}","templated":true}]}}