{"id":6103,"date":"2025-04-08T11:45:36","date_gmt":"2025-04-08T11:45:36","guid":{"rendered":"https:\/\/www.phvsa.de\/?p=6103"},"modified":"2025-04-12T12:07:01","modified_gmt":"2025-04-12T12:07:01","slug":"mitgliederinformation-kostenlose-online-fortbildungen","status":"publish","type":"post","link":"https:\/\/www.phvsa.de\/?p=6103","title":{"rendered":"Mitgliederinformation: Kostenlose Online-Fortbildungen"},"content":{"rendered":"\t\t<div data-elementor-type=\"wp-post\" data-elementor-id=\"6103\" class=\"elementor elementor-6103\">\n\t\t\t\t\t\t<section class=\"elementor-section elementor-top-section elementor-element elementor-element-97c8ec1 elementor-section-boxed elementor-section-height-default elementor-section-height-default\" data-id=\"97c8ec1\" data-element_type=\"section\" data-e-type=\"section\">\n\t\t\t\t\t\t<div class=\"elementor-container elementor-column-gap-default\">\n\t\t\t\t\t<div class=\"elementor-column elementor-col-100 elementor-top-column elementor-element elementor-element-059a4fd\" data-id=\"059a4fd\" data-element_type=\"column\" data-e-type=\"column\">\n\t\t\t<div class=\"elementor-widget-wrap elementor-element-populated\">\n\t\t\t\t\t\t<div class=\"elementor-element elementor-element-86b6c04 elementor-widget elementor-widget-text-editor\" data-id=\"86b6c04\" data-element_type=\"widget\" data-e-type=\"widget\" data-widget_type=\"text-editor.default\">\n\t\t\t\t<div class=\"elementor-widget-container\">\n\t\t\t\t\t\t\t\t\t<p><span data-olk-copy-source=\"MessageBody\">Liebe Kolleginnen und Kollegen,<\/span><\/p><p>auch in den kommenden Monaten bietet der DPhV wieder \u00e4u\u00dferst interessante kostenfreie Online-Fortbildungen zu wichtigen Themen an.\u00a0<span style=\"font-style: inherit; font-weight: inherit; letter-spacing: 0.01em;\">Wir m\u00f6chten Ihnen diese Angebote nat\u00fcrlich gerne weiterleiten.<\/span><\/p><p>Neu hinzugekommen ist eine Kooperation mit dem ZDF, zu dessen neu ausgebauten Bildungsangebot.<\/p><p><strong>\u201eZDF goes Schule: das erweiterte Bildungsangebot des ZDF\u201c | Gemeinsame Fortbildung von DPhV und ZDF am 03. Juni 2025 von 16 \u2013 17.30 Uhr<\/strong><\/p><p>Das ZDF hat seit diesem Jahr sein Angebot f\u00fcr Schulen deutlich ausgebaut: \u201eZDF goes Schule\u201c ist zusammen mit Lehrkr\u00e4ften und Institutionen aus dem Bildungsbereich entwickelt worden. Neue Funktionen, wie eine detaillierte Suche, optimieren den Einsatz in Schulen. \u00dcbersichtlich gegliedert, leicht zu bedienen \u2013 egal, ob nach bestimmten F\u00e4chern, Themen oder Inspiration f\u00fcr die n\u00e4chste Unterrichtsstunde oder das kommende Referat gesucht wird.<\/p><p>Zudem gibt es seit Fr\u00fchjahr 2025 die M\u00f6glichkeit f\u00fcr Schulen, ZDF-Partnerschule zu werden und dadurch beispielsweise Schulbesuche von ZDF-Mitarbeitenden zu verschiedenen Themen in Anspruch zu nehmen.<\/p><p>Anmeldung bis 27. Mai 2025 m\u00f6glich unter:<\/p>\t\t\t\t\t\t\t\t<\/div>\n\t\t\t\t<\/div>\n\t\t\t\t<div class=\"elementor-element elementor-element-d069151 elementor-button-info elementor-align-center elementor-widget elementor-widget-button\" data-id=\"d069151\" data-element_type=\"widget\" data-e-type=\"widget\" data-widget_type=\"button.default\">\n\t\t\t\t<div class=\"elementor-widget-container\">\n\t\t\t\t\t\t\t\t\t<div class=\"elementor-button-wrapper\">\n\t\t\t\t\t<a class=\"elementor-button elementor-button-link elementor-size-sm\" href=\"https:\/\/www.dphv.de\/2025\/03\/07\/zdf-goes-schule-das-erweiterte-bildungsangebot-des-zdf-gemeinsame-fortbildung-von-dphv-und-zdf-am-03-juni-2025-von-16-17-30-uhr\/\">\n\t\t\t\t\t\t<span class=\"elementor-button-content-wrapper\">\n\t\t\t\t\t\t\t\t\t<span class=\"elementor-button-text\">Anmeldung<\/span>\n\t\t\t\t\t<\/span>\n\t\t\t\t\t<\/a>\n\t\t\t\t<\/div>\n\t\t\t\t\t\t\t\t<\/div>\n\t\t\t\t<\/div>\n\t\t\t\t<div class=\"elementor-element elementor-element-b693482 elementor-widget elementor-widget-text-editor\" data-id=\"b693482\" data-element_type=\"widget\" data-e-type=\"widget\" data-widget_type=\"text-editor.default\">\n\t\t\t\t<div class=\"elementor-widget-container\">\n\t\t\t\t\t\t\t\t\t<p><b>Berufliche Orientierung am Gymnasium \u2013 Digitale Unterrichts- und Pr\u00e4senzformate aus der Praxis | Kostenfreie Online-Fortbildung des DPhV\u00a0<u>am 14.05.2025 (16 \u2013 17.30 Uhr)<\/u><\/b><\/p><p>Anne-Christin Zeng und Konrad Schaller sind Lehrkr\u00e4fte und Koordinator\/inn\/en f\u00fcr berufliche Orientierung am Carl-von-Ossietzky-Gymnasium (Berlin-Pankow). In dieser Fortbildung stellen sie vier digitale Unterrichtskonzepte im Rahmen des Kurses \u201eStudium &amp; Beruf\u201c vor, f\u00fcr welche sie 2021 mit dem 1. Preis des Deutschen Lehrkr\u00e4ftepreises in der Kategorie \u201eUnterricht innovativ\u201c ausgezeichnet wurden. Diese digitalen Formate (Podcast, Blog, Learning Apps, Onlinekonferenz) garantieren eine hohe Sch\u00fclerinnen- und Sch\u00fcleraktivierung und sind zudem problemlos auf verschiedene Themen und (Unterrichts-)Kontexte anpassbar.<\/p><p>Zus\u00e4tzlich pr\u00e4sentieren sie ihr schulisches BO-Konzept, ihr Kooperationsnetzwerk und die kontinuierliche Einbettung des Querschnittsthemas in den Schulalltag eines Gymnasiums. Sie geben Einblicke in diverse erprobte Veranstaltungsformate wie den Karrieretag oder das \u201eMeet &amp; Eat\u201c.<\/p><p>\u00a0Die Teilnehmerzahl ist auf 200 Personen begrenzt. Die Platzvergabe erfolgt in der Reihenfolge der Anmeldungen. Der Teilnahmelink zur Fortbildung wird den Teilnehmerinnen und Teilnehmern rechtzeitig zugesandt.<br \/>Die Veranstaltung wird als Fortbildungsveranstaltung akkreditiert.<\/p><p>Anmeldung bis 7. Mai 2025 m\u00f6glich unter:<\/p>\t\t\t\t\t\t\t\t<\/div>\n\t\t\t\t<\/div>\n\t\t\t\t\t<\/div>\n\t\t<\/div>\n\t\t\t\t\t<\/div>\n\t\t<\/section>\n\t\t\t\t<section class=\"elementor-section elementor-top-section elementor-element elementor-element-674a3bd elementor-section-boxed elementor-section-height-default elementor-section-height-default\" data-id=\"674a3bd\" data-element_type=\"section\" data-e-type=\"section\">\n\t\t\t\t\t\t<div class=\"elementor-container elementor-column-gap-default\">\n\t\t\t\t\t<div class=\"elementor-column elementor-col-100 elementor-top-column elementor-element elementor-element-1a4aa08\" data-id=\"1a4aa08\" data-element_type=\"column\" data-e-type=\"column\">\n\t\t\t<div class=\"elementor-widget-wrap elementor-element-populated\">\n\t\t\t\t\t\t<div class=\"elementor-element elementor-element-c41b0b0 elementor-button-info elementor-align-center elementor-widget elementor-widget-button\" data-id=\"c41b0b0\" data-element_type=\"widget\" data-e-type=\"widget\" data-widget_type=\"button.default\">\n\t\t\t\t<div class=\"elementor-widget-container\">\n\t\t\t\t\t\t\t\t\t<div class=\"elementor-button-wrapper\">\n\t\t\t\t\t<a class=\"elementor-button elementor-button-link elementor-size-sm\" href=\"https:\/\/www.dphv.de\/2024\/11\/22\/berufliche-orientierung-am-gymnasium-digitale-unterrichts-und-praesenzformate-aus-der-praxis-kostenfreie-online-fortbildung-des-dphv-am-14-05-2025-16-17-30-uhr\/\">\n\t\t\t\t\t\t<span class=\"elementor-button-content-wrapper\">\n\t\t\t\t\t\t\t\t\t<span class=\"elementor-button-text\">Anmeldung<\/span>\n\t\t\t\t\t<\/span>\n\t\t\t\t\t<\/a>\n\t\t\t\t<\/div>\n\t\t\t\t\t\t\t\t<\/div>\n\t\t\t\t<\/div>\n\t\t\t\t\t<\/div>\n\t\t<\/div>\n\t\t\t\t\t<\/div>\n\t\t<\/section>\n\t\t\t\t<section class=\"elementor-section elementor-top-section elementor-element elementor-element-450dcc4 elementor-section-boxed elementor-section-height-default elementor-section-height-default\" data-id=\"450dcc4\" data-element_type=\"section\" data-e-type=\"section\">\n\t\t\t\t\t\t<div class=\"elementor-container elementor-column-gap-default\">\n\t\t\t\t\t<div class=\"elementor-column elementor-col-100 elementor-top-column elementor-element elementor-element-6771a90\" data-id=\"6771a90\" data-element_type=\"column\" data-e-type=\"column\">\n\t\t\t<div class=\"elementor-widget-wrap elementor-element-populated\">\n\t\t\t\t\t\t<div class=\"elementor-element elementor-element-714805d elementor-widget elementor-widget-text-editor\" data-id=\"714805d\" data-element_type=\"widget\" data-e-type=\"widget\" data-widget_type=\"text-editor.default\">\n\t\t\t\t<div class=\"elementor-widget-container\">\n\t\t\t\t\t\t\t\t\t<p>Wir w\u00fcrden uns \u00fcber sehr freuen, wenn f\u00fcr Sie etwas dabei ist.<\/p><p>Mit freundlichen Gr\u00fc\u00dfen<\/p><p>Ines Gurschke<br \/><em>stellv. Vorsitzend<span style=\"letter-spacing: 0.01em;\">e des\u00a0<\/span><span style=\"letter-spacing: 0.01em;\" data-markjs=\"true\" data-ogac=\"\" data-ogab=\"\" data-ogsc=\"\" data-ogsb=\"\">PhVSA<\/span><\/em><\/p>\t\t\t\t\t\t\t\t<\/div>\n\t\t\t\t<\/div>\n\t\t\t\t\t<\/div>\n\t\t<\/div>\n\t\t\t\t\t<\/div>\n\t\t<\/section>\n\t\t\t\t<\/div>\n\t\t","protected":false},"excerpt":{"rendered":"<p>Liebe Kolleginnen und Kollegen, auch in den kommenden Monaten bietet der DPhV wieder \u00e4u\u00dferst interessante kostenfreie Online-Fortbildungen zu wichtigen Themen an.\u00a0Wir m\u00f6chten Ihnen diese Angebote nat\u00fcrlich gerne weiterleiten. Neu hinzugekommen ist eine Kooperation mit dem ZDF, zu dessen neu ausgebauten Bildungsangebot. \u201eZDF goes Schule: das erweiterte Bildungsangebot des ZDF\u201c | Gemeinsame Fortbildung von DPhV und [&hellip;]<\/p>\n","protected":false},"author":1,"featured_media":6108,"comment_status":"closed","ping_status":"closed","sticky":false,"template":"","format":"standard","meta":{"zakra_sidebar_layout":"customizer","zakra_remove_content_margin":false,"zakra_sidebar":"customizer","zakra_transparent_header":"customizer","zakra_logo":0,"zakra_main_header_style":"default","zakra_menu_item_color":"","zakra_menu_item_hover_color":"","zakra_menu_item_active_color":"","zakra_menu_active_style":"","zakra_page_header":true,"inline_featured_image":false,"footnotes":""},"categories":[125,118,116],"tags":[122,172],"class_list":["post-6103","post","type-post","status-publish","format-standard","has-post-thumbnail","hentry","category-phvsa","category-service","category-veranstaltungen","tag-dphv","tag-fortbildung"],"aioseo_notices":[],"rttpg_featured_image_url":{"full":["https:\/\/www.phvsa.de\/wp-content\/uploads\/2025\/04\/Beitragsbilder-Wordpress.jpg",1025,576,false],"landscape":["https:\/\/www.phvsa.de\/wp-content\/uploads\/2025\/04\/Beitragsbilder-Wordpress.jpg",1025,576,false],"portraits":["https:\/\/www.phvsa.de\/wp-content\/uploads\/2025\/04\/Beitragsbilder-Wordpress.jpg",1025,576,false],"thumbnail":["https:\/\/www.phvsa.de\/wp-content\/uploads\/2025\/04\/Beitragsbilder-Wordpress-150x150.jpg",150,150,true],"medium":["https:\/\/www.phvsa.de\/wp-content\/uploads\/2025\/04\/Beitragsbilder-Wordpress-300x169.jpg",300,169,true],"large":["https:\/\/www.phvsa.de\/wp-content\/uploads\/2025\/04\/Beitragsbilder-Wordpress.jpg",812,456,false],"1536x1536":["https:\/\/www.phvsa.de\/wp-content\/uploads\/2025\/04\/Beitragsbilder-Wordpress.jpg",1025,576,false],"2048x2048":["https:\/\/www.phvsa.de\/wp-content\/uploads\/2025\/04\/Beitragsbilder-Wordpress.jpg",1025,576,false],"sow-carousel-default":["https:\/\/www.phvsa.de\/wp-content\/uploads\/2025\/04\/Beitragsbilder-Wordpress-272x182.jpg",272,182,true]},"rttpg_author":{"display_name":"admin","author_link":"https:\/\/www.phvsa.de\/?author=1"},"rttpg_comment":0,"rttpg_category":"<a href=\"https:\/\/www.phvsa.de\/?cat=125\" rel=\"category\">PhVSA<\/a> <a href=\"https:\/\/www.phvsa.de\/?cat=118\" rel=\"category\">Service<\/a> <a href=\"https:\/\/www.phvsa.de\/?cat=116\" rel=\"category\">Veranstaltungen<\/a>","rttpg_excerpt":"Liebe Kolleginnen und Kollegen, auch in den kommenden Monaten bietet der DPhV wieder \u00e4u\u00dferst interessante kostenfreie Online-Fortbildungen zu wichtigen Themen an.\u00a0Wir m\u00f6chten Ihnen diese Angebote nat\u00fcrlich gerne weiterleiten. Neu hinzugekommen ist eine Kooperation mit dem ZDF, zu dessen neu ausgebauten Bildungsangebot. \u201eZDF goes Schule: das erweiterte Bildungsangebot des ZDF\u201c | Gemeinsame Fortbildung von DPhV und&hellip;","_links":{"self":[{"href":"https:\/\/www.phvsa.de\/index.php?rest_route=\/wp\/v2\/posts\/6103","targetHints":{"allow":["GET"]}}],"collection":[{"href":"https:\/\/www.phvsa.de\/index.php?rest_route=\/wp\/v2\/posts"}],"about":[{"href":"https:\/\/www.phvsa.de\/index.php?rest_route=\/wp\/v2\/types\/post"}],"author":[{"embeddable":true,"href":"https:\/\/www.phvsa.de\/index.php?rest_route=\/wp\/v2\/users\/1"}],"replies":[{"embeddable":true,"href":"https:\/\/www.phvsa.de\/index.php?rest_route=%2Fwp%2Fv2%2Fcomments&post=6103"}],"version-history":[{"count":3,"href":"https:\/\/www.phvsa.de\/index.php?rest_route=\/wp\/v2\/posts\/6103\/revisions"}],"predecessor-version":[{"id":6106,"href":"https:\/\/www.phvsa.de\/index.php?rest_route=\/wp\/v2\/posts\/6103\/revisions\/6106"}],"wp:featuredmedia":[{"embeddable":true,"href":"https:\/\/www.phvsa.de\/index.php?rest_route=\/wp\/v2\/media\/6108"}],"wp:attachment":[{"href":"https:\/\/www.phvsa.de\/index.php?rest_route=%2Fwp%2Fv2%2Fmedia&parent=6103"}],"wp:term":[{"taxonomy":"category","embeddable":true,"href":"https:\/\/www.phvsa.de\/index.php?rest_route=%2Fwp%2Fv2%2Fcategories&post=6103"},{"taxonomy":"post_tag","embeddable":true,"href":"https:\/\/www.phvsa.de\/index.php?rest_route=%2Fwp%2Fv2%2Ftags&post=6103"}],"curies":[{"name":"wp","href":"https:\/\/api.w.org\/{rel}","templated":true}]}}