{"id":6231,"date":"2025-09-06T22:32:38","date_gmt":"2025-09-06T22:32:38","guid":{"rendered":"https:\/\/www.phvsa.de\/?p=6231"},"modified":"2025-09-17T13:53:45","modified_gmt":"2025-09-17T13:53:45","slug":"offener-aufruf-des-phvsa-an-den-neuen-bildungsminister-von-sachsen-anhalt-jetzt-ist-ihre-stunde","status":"publish","type":"post","link":"https:\/\/www.phvsa.de\/?p=6231","title":{"rendered":"Offener Aufruf des PhVSA an den neuen Bildungsminister von Sachsen-Anhalt: Jetzt ist Ihre Stunde!"},"content":{"rendered":"\t\t<div data-elementor-type=\"wp-post\" data-elementor-id=\"6231\" class=\"elementor elementor-6231\">\n\t\t\t\t\t\t<section class=\"elementor-section elementor-top-section elementor-element elementor-element-4f11409 elementor-section-boxed elementor-section-height-default elementor-section-height-default\" data-id=\"4f11409\" data-element_type=\"section\" data-e-type=\"section\">\n\t\t\t\t\t\t<div class=\"elementor-container elementor-column-gap-default\">\n\t\t\t\t\t<div class=\"elementor-column elementor-col-100 elementor-top-column elementor-element elementor-element-cc0d267\" data-id=\"cc0d267\" data-element_type=\"column\" data-e-type=\"column\">\n\t\t\t<div class=\"elementor-widget-wrap elementor-element-populated\">\n\t\t\t\t\t\t<div class=\"elementor-element elementor-element-67908eb elementor-widget elementor-widget-text-editor\" data-id=\"67908eb\" data-element_type=\"widget\" data-e-type=\"widget\" data-widget_type=\"text-editor.default\">\n\t\t\t\t<div class=\"elementor-widget-container\">\n\t\t\t\t\t\t\t\t\t<p>Sehr geehrter Herr Minister Riedel,<\/p>\n<p>Sie \u00fcbernehmen Ihr Amt in einem Moment, der nicht nur von Kritik, sondern auch von Hoffnung gepr\u00e4gt ist. Die Ohrfeige f\u00fcr die Vorgriffsstunde von MP Haseloff ist laut und hart \u2013 aber sie ist auch ein Weckruf. Ein Weckruf f\u00fcr eine Bildungspolitik, die endlich wieder Vertrauen in die Menschen setzt, die unser Bildungssystem tragen: unsere Lehrerinnen und Lehrer.<\/p>\n<p><b>Beenden Sie die Misstrauenskultur!<\/b><\/p>\n<p>Lehrkr\u00e4fte sind keine Kostenstellen, sondern Leistungstr\u00e4ger. Sie sind professionell, leistungsbereit und engagiert \u2013 und verdienen Respekt, nicht Kontrolle.<\/p>\n<p><b>Stoppen Sie die Minusstundenschreiberei in den Abiturjahrg\u00e4ngen!<\/b><\/p>\n<p>Wer junge Menschen auf ihre Pr\u00fcfungen vorbereitet, darf nicht mit b\u00fcrokratischem Kleinkram geg\u00e4ngelt werden. Das ist nicht nur unfair \u2013 es ist bildungspolitisch kontraproduktiv.<\/p>\n<p><b>Kippen Sie den Flexierlass!<\/b><\/p>\n<p>Er ist kein Ausdruck von Flexibilit\u00e4t, sondern von Misstrauen. Vertrauen entsteht nicht durch Erlasse, sondern durch Haltung.<\/p>\n<p><b>Setzen Sie ein Zeichen f\u00fcr ein neues Miteinander!<\/b><\/p>\n<p>Die Lehrkr\u00e4fte in Sachsen-Anhalt brauchen keine neuen Belastungen, sondern politische R\u00fcckendeckung. Sie brauchen ein Ministerium, das zuh\u00f6rt, versteht und handelt.<\/p>\n<p>Sie haben jetzt die Chance, einen echten Neuanfang zu gestalten. Nicht mit Symbolpolitik, sondern mit konkreten Ma\u00dfnahmen. Nicht mit alten Rezepten, sondern mit frischem Mut.<\/p>\n<p><b>Wir z\u00e4hlen auf Sie. Die Schulen z\u00e4hlen auf Sie. Sachsen-Anhalt z\u00e4hlt auf Sie.<\/b><\/p>\t\t\t\t\t\t\t\t<\/div>\n\t\t\t\t<\/div>\n\t\t\t\t\t<\/div>\n\t\t<\/div>\n\t\t\t\t\t<\/div>\n\t\t<\/section>\n\t\t\t\t<\/div>\n\t\t","protected":false},"excerpt":{"rendered":"<p>Sehr geehrter Herr Minister Riedel, Sie \u00fcbernehmen Ihr Amt in einem Moment, der nicht nur von Kritik, sondern auch von Hoffnung gepr\u00e4gt ist. Die Ohrfeige f\u00fcr die Vorgriffsstunde von MP Haseloff ist laut und hart \u2013 aber sie ist auch ein Weckruf. Ein Weckruf f\u00fcr eine Bildungspolitik, die endlich wieder Vertrauen in die Menschen setzt, [&hellip;]<\/p>\n","protected":false},"author":1,"featured_media":6237,"comment_status":"closed","ping_status":"closed","sticky":false,"template":"","format":"standard","meta":{"zakra_sidebar_layout":"customizer","zakra_remove_content_margin":false,"zakra_sidebar":"customizer","zakra_transparent_header":"customizer","zakra_logo":0,"zakra_main_header_style":"default","zakra_menu_item_color":"","zakra_menu_item_hover_color":"","zakra_menu_item_active_color":"","zakra_menu_active_style":"","zakra_page_header":true,"inline_featured_image":false,"footnotes":""},"categories":[113,125,137],"tags":[],"class_list":["post-6231","post","type-post","status-publish","format-standard","has-post-thumbnail","hentry","category-berufspolitik","category-phvsa","category-stellungnahmen"],"aioseo_notices":[],"rttpg_featured_image_url":{"full":["https:\/\/www.phvsa.de\/wp-content\/uploads\/2025\/09\/Offener-Aufruf.png",1366,768,false],"landscape":["https:\/\/www.phvsa.de\/wp-content\/uploads\/2025\/09\/Offener-Aufruf.png",1366,768,false],"portraits":["https:\/\/www.phvsa.de\/wp-content\/uploads\/2025\/09\/Offener-Aufruf.png",1366,768,false],"thumbnail":["https:\/\/www.phvsa.de\/wp-content\/uploads\/2025\/09\/Offener-Aufruf-150x150.png",150,150,true],"medium":["https:\/\/www.phvsa.de\/wp-content\/uploads\/2025\/09\/Offener-Aufruf-300x169.png",300,169,true],"large":["https:\/\/www.phvsa.de\/wp-content\/uploads\/2025\/09\/Offener-Aufruf-1024x576.png",812,457,true],"1536x1536":["https:\/\/www.phvsa.de\/wp-content\/uploads\/2025\/09\/Offener-Aufruf.png",1366,768,false],"2048x2048":["https:\/\/www.phvsa.de\/wp-content\/uploads\/2025\/09\/Offener-Aufruf.png",1366,768,false],"sow-carousel-default":["https:\/\/www.phvsa.de\/wp-content\/uploads\/2025\/09\/Offener-Aufruf-272x182.png",272,182,true]},"rttpg_author":{"display_name":"admin","author_link":"https:\/\/www.phvsa.de\/?author=1"},"rttpg_comment":0,"rttpg_category":"<a href=\"https:\/\/www.phvsa.de\/?cat=113\" rel=\"category\">Berufspolitik<\/a> <a href=\"https:\/\/www.phvsa.de\/?cat=125\" rel=\"category\">PhVSA<\/a> <a href=\"https:\/\/www.phvsa.de\/?cat=137\" rel=\"category\">Stellungnahmen<\/a>","rttpg_excerpt":"Sehr geehrter Herr Minister Riedel, Sie \u00fcbernehmen Ihr Amt in einem Moment, der nicht nur von Kritik, sondern auch von Hoffnung gepr\u00e4gt ist. Die Ohrfeige f\u00fcr die Vorgriffsstunde von MP Haseloff ist laut und hart \u2013 aber sie ist auch ein Weckruf. Ein Weckruf f\u00fcr eine Bildungspolitik, die endlich wieder Vertrauen in die Menschen setzt,&hellip;","_links":{"self":[{"href":"https:\/\/www.phvsa.de\/index.php?rest_route=\/wp\/v2\/posts\/6231","targetHints":{"allow":["GET"]}}],"collection":[{"href":"https:\/\/www.phvsa.de\/index.php?rest_route=\/wp\/v2\/posts"}],"about":[{"href":"https:\/\/www.phvsa.de\/index.php?rest_route=\/wp\/v2\/types\/post"}],"author":[{"embeddable":true,"href":"https:\/\/www.phvsa.de\/index.php?rest_route=\/wp\/v2\/users\/1"}],"replies":[{"embeddable":true,"href":"https:\/\/www.phvsa.de\/index.php?rest_route=%2Fwp%2Fv2%2Fcomments&post=6231"}],"version-history":[{"count":3,"href":"https:\/\/www.phvsa.de\/index.php?rest_route=\/wp\/v2\/posts\/6231\/revisions"}],"predecessor-version":[{"id":6234,"href":"https:\/\/www.phvsa.de\/index.php?rest_route=\/wp\/v2\/posts\/6231\/revisions\/6234"}],"wp:featuredmedia":[{"embeddable":true,"href":"https:\/\/www.phvsa.de\/index.php?rest_route=\/wp\/v2\/media\/6237"}],"wp:attachment":[{"href":"https:\/\/www.phvsa.de\/index.php?rest_route=%2Fwp%2Fv2%2Fmedia&parent=6231"}],"wp:term":[{"taxonomy":"category","embeddable":true,"href":"https:\/\/www.phvsa.de\/index.php?rest_route=%2Fwp%2Fv2%2Fcategories&post=6231"},{"taxonomy":"post_tag","embeddable":true,"href":"https:\/\/www.phvsa.de\/index.php?rest_route=%2Fwp%2Fv2%2Ftags&post=6231"}],"curies":[{"name":"wp","href":"https:\/\/api.w.org\/{rel}","templated":true}]}}