{"id":6239,"date":"2025-09-17T13:55:34","date_gmt":"2025-09-17T13:55:34","guid":{"rendered":"https:\/\/www.phvsa.de\/?p=6239"},"modified":"2025-09-17T13:59:27","modified_gmt":"2025-09-17T13:59:27","slug":"dphv-fordert-staerkung-der-fachbezogenen-leistungsanforderungen-im-abitur","status":"publish","type":"post","link":"https:\/\/www.phvsa.de\/?p=6239","title":{"rendered":"DPhV fordert St\u00e4rkung der fachbezogenen Leistungsanforderungen im Abitur"},"content":{"rendered":"\t\t<div data-elementor-type=\"wp-post\" data-elementor-id=\"6239\" class=\"elementor elementor-6239\">\n\t\t\t\t\t\t<section class=\"elementor-section elementor-top-section elementor-element elementor-element-964af6f elementor-section-boxed elementor-section-height-default elementor-section-height-default\" data-id=\"964af6f\" data-element_type=\"section\" data-e-type=\"section\">\n\t\t\t\t\t\t<div class=\"elementor-container elementor-column-gap-default\">\n\t\t\t\t\t<div class=\"elementor-column elementor-col-100 elementor-top-column elementor-element elementor-element-fdd727e\" data-id=\"fdd727e\" data-element_type=\"column\" data-e-type=\"column\">\n\t\t\t<div class=\"elementor-widget-wrap elementor-element-populated\">\n\t\t\t\t\t\t<div class=\"elementor-element elementor-element-bdc261b elementor-widget elementor-widget-text-editor\" data-id=\"bdc261b\" data-element_type=\"widget\" data-e-type=\"widget\" data-widget_type=\"text-editor.default\">\n\t\t\t\t<div class=\"elementor-widget-container\">\n\t\t\t\t\t\t\t\t\t<p><strong>DPhV fordert St\u00e4rkung der fachbezogenen Leistungsanforderungen im Abitur: Mindestens die H\u00e4lfte aller belegten Kurse pro Fach muss mit mindestens 5 Punkten abgeschlossen sein \/ Strengeres Abitur-Bewertungssystem schafft so mehr fachliche Ausgewogenheit und erh\u00f6ht die Aussagekraft des Abiturs als Hochschulzugangsberechtigung<\/strong><\/p><p>Berlin, 16.09.2025 \u2013 Der Deutsche Philologenverband (DPhV) fordert eine deutliche Nachsch\u00e4rfung der fachbezogenen Leistungsanforderungen in der gymnasialen Oberstufe. K\u00fcnftig m\u00fcsse gelten: Mindestens die H\u00e4lfte aller belegten Kurse pro Fach muss mit mindestens 5 Punkten (das entspricht der Note 4) abgeschlossen werden. Damit l\u00e4sst sich besser gew\u00e4hrleisten, dass das Abitur eine fachlich ausgewogene Hochschulzugangsberechtigung ist \u2013 und nicht nur ein rechnerisches Konstrukt.<\/p><p>Aktuell erlaubt die Beschlusslage der Kultusministerkonferenz, dass bis zu 20 Prozent der einzubringenden Kursnoten unter der Grenze von 5 Punkten liegen d\u00fcrfen, also unterhalb der Note 4, \u2013 und das auch durchg\u00e4ngig in ein- und demselben Fach. \u201eDie Kultusministerkonferenz setzt hiermit das Signal: Kontinuierliche fachliche Minderleistungen in einzelnen F\u00e4chern sind im Abitur kein Problem. Das halten wir f\u00fcr falsch!\u201c, kritisiert Prof. Dr. Susanne Lin-Klitzing, Bundesvorsitzende des DPhV.<\/p><p>\u201eWer beispielsweise alle vier belegten Mathematikgrundkurse in der gesamten gymnasialen Oberstufe mit nur vier oder weniger Punkten abschlie\u00dft \u2013 also alle durchgehend nicht besteht \u2013, kann dennoch ein insgesamt gutes Abiturzeugnis erhalten, wenn die Leistungen in anderen F\u00e4chern das rechnerisch kompensieren. Das kann und darf nicht dem Anspruch an die allgemeine Hochschulreife gen\u00fcgen!\u201c, erkl\u00e4rt Susanne Lin-Klitzing. \u201eEs braucht daher klare fachbezogene Mindestanforderungen. Mindestens die H\u00e4lfte der eingebrachten Kurse in jedem belegten Fach muss mit mindestens 5 Punkten bewertet worden sein. Wer vier Deutschkurse einbringt, muss mindestens zwei davon bestehen. Mit der jetzigen Regelung provoziert die Kultusministerkonferenz geradezu eine Entwertung des gymnasialen Anspruchs.\u201c<\/p><p>Dass in den vergangenen Jahren gro\u00dfe Fortschritte bei der Vergleichbarkeit des Abiturs zwischen den L\u00e4ndern erzielt wurden, erkennt der DPhV ausdr\u00fccklich an. \u201eDer Deutsche Philologenverband tritt f\u00fcr mehr Vergleichbarkeit auf h\u00f6herem Niveau im Abitur ein. Aber mehr Vergleichbarkeit allein f\u00fchrt eben nicht automatisch zu h\u00f6herer Bildungsqualit\u00e4t\u201c, mahnt Lin-Klitzing. \u201eEin quantitativ vergleichbares System verliert seinen Wert, wenn es zul\u00e4sst, dass kontinuierliche Minderleistungen in einem Fach in der gesamten Oberstufenzeit durch St\u00e4rken in anderen F\u00e4chern ausgeglichen werden. Eine Hochschulzugangsberechtigung muss mehr verlangen als einen rechnerischen Durchschnitt. Sie muss sicherstellen, dass ein Mindestma\u00df an fachlicher Kompetenz in jedem belegten Fach erbracht wurde.\u201c<\/p><p>Die Einf\u00fchrung einer fachbezogenen Mindestbestehensregelung \u2013 mindestens 50 Prozent der eingebrachten Kurse pro Fach m\u00fcssen mit mindestens 5 Punkten abgeschlossen sein \u2013 w\u00e4re ein Schritt zu nachhaltiger Leistungsorientierung, der das Leistungsniveau des Abiturs st\u00fctzt. Der Deutsche Philologenverband appelliert daher an die jetzige Bildungsministerkonferenz, hier nachzusteuern.<\/p>\t\t\t\t\t\t\t\t<\/div>\n\t\t\t\t<\/div>\n\t\t\t\t<div class=\"elementor-element elementor-element-f15947f elementor-widget-divider--view-line elementor-widget elementor-widget-divider\" data-id=\"f15947f\" data-element_type=\"widget\" data-e-type=\"widget\" data-widget_type=\"divider.default\">\n\t\t\t\t<div class=\"elementor-widget-container\">\n\t\t\t\t\t\t\t<div class=\"elementor-divider\">\n\t\t\t<span class=\"elementor-divider-separator\">\n\t\t\t\t\t\t<\/span>\n\t\t<\/div>\n\t\t\t\t\t\t<\/div>\n\t\t\t\t<\/div>\n\t\t\t\t<div class=\"elementor-element elementor-element-830616a elementor-widget elementor-widget-text-editor\" data-id=\"830616a\" data-element_type=\"widget\" data-e-type=\"widget\" data-widget_type=\"text-editor.default\">\n\t\t\t\t<div class=\"elementor-widget-container\">\n\t\t\t\t\t\t\t\t\t<p><em>Der <a href=\"http:\/\/www.dphv.de\/\"><strong>Deutsche Philologenverband<\/strong><\/a> <strong>(DPhV<\/strong>) ist die Dachorganisation der Philologenverb\u00e4nde der Bundesl\u00e4nder. Die Mitglieder sind Lehrkr\u00e4fte an Gymnasien und anderen Bildungseinrichtungen, die zum Abitur f\u00fchren, sowie Lehr\u00adbeauftragte an den Hochschulen, vornehmlich in der Lehrkr\u00e4ftebildung. Der Verband wurde 1903 in Halle gegr\u00fcndet und organisiert zurzeit 90.000 Einzelmitglieder in 15 Landesverb\u00e4nden. Er unterst\u00fctzt die Zusammenarbeit mit Lehrerverb\u00e4nden im In- und Ausland und ist Mitglied im \u201edbb beamtenbund und tarifunion\u201c und im Deutschen Lehrerverband (DL).<\/em><\/p>\t\t\t\t\t\t\t\t<\/div>\n\t\t\t\t<\/div>\n\t\t\t\t\t<\/div>\n\t\t<\/div>\n\t\t\t\t\t<\/div>\n\t\t<\/section>\n\t\t\t\t<\/div>\n\t\t","protected":false},"excerpt":{"rendered":"<p>DPhV fordert St\u00e4rkung der fachbezogenen Leistungsanforderungen im Abitur: Mindestens die H\u00e4lfte aller belegten Kurse pro Fach muss mit mindestens 5 Punkten abgeschlossen sein \/ Strengeres Abitur-Bewertungssystem schafft so mehr fachliche Ausgewogenheit und erh\u00f6ht die Aussagekraft des Abiturs als Hochschulzugangsberechtigung Berlin, 16.09.2025 \u2013 Der Deutsche Philologenverband (DPhV) fordert eine deutliche Nachsch\u00e4rfung der fachbezogenen Leistungsanforderungen in der [&hellip;]<\/p>\n","protected":false},"author":1,"featured_media":5292,"comment_status":"closed","ping_status":"closed","sticky":false,"template":"","format":"standard","meta":{"zakra_sidebar_layout":"customizer","zakra_remove_content_margin":false,"zakra_sidebar":"customizer","zakra_transparent_header":"customizer","zakra_logo":0,"zakra_main_header_style":"default","zakra_menu_item_color":"","zakra_menu_item_hover_color":"","zakra_menu_item_active_color":"","zakra_menu_active_style":"","zakra_page_header":true,"inline_featured_image":false,"footnotes":""},"categories":[120,125,117],"tags":[],"class_list":["post-6239","post","type-post","status-publish","format-standard","has-post-thumbnail","hentry","category-dphv","category-phvsa","category-pressemitteilungen"],"aioseo_notices":[],"rttpg_featured_image_url":{"full":["https:\/\/www.phvsa.de\/wp-content\/uploads\/2022\/12\/Pressemitteilung-DPhV-1.png",600,450,false],"landscape":["https:\/\/www.phvsa.de\/wp-content\/uploads\/2022\/12\/Pressemitteilung-DPhV-1.png",600,450,false],"portraits":["https:\/\/www.phvsa.de\/wp-content\/uploads\/2022\/12\/Pressemitteilung-DPhV-1.png",600,450,false],"thumbnail":["https:\/\/www.phvsa.de\/wp-content\/uploads\/2022\/12\/Pressemitteilung-DPhV-1-150x150.png",150,150,true],"medium":["https:\/\/www.phvsa.de\/wp-content\/uploads\/2022\/12\/Pressemitteilung-DPhV-1-300x225.png",300,225,true],"large":["https:\/\/www.phvsa.de\/wp-content\/uploads\/2022\/12\/Pressemitteilung-DPhV-1.png",600,450,false],"1536x1536":["https:\/\/www.phvsa.de\/wp-content\/uploads\/2022\/12\/Pressemitteilung-DPhV-1.png",600,450,false],"2048x2048":["https:\/\/www.phvsa.de\/wp-content\/uploads\/2022\/12\/Pressemitteilung-DPhV-1.png",600,450,false],"sow-carousel-default":["https:\/\/www.phvsa.de\/wp-content\/uploads\/2022\/12\/Pressemitteilung-DPhV-1-272x182.png",272,182,true]},"rttpg_author":{"display_name":"admin","author_link":"https:\/\/www.phvsa.de\/?author=1"},"rttpg_comment":0,"rttpg_category":"<a href=\"https:\/\/www.phvsa.de\/?cat=120\" rel=\"category\">DPhV<\/a> <a href=\"https:\/\/www.phvsa.de\/?cat=125\" rel=\"category\">PhVSA<\/a> <a href=\"https:\/\/www.phvsa.de\/?cat=117\" rel=\"category\">Pressemitteilungen<\/a>","rttpg_excerpt":"DPhV fordert St\u00e4rkung der fachbezogenen Leistungsanforderungen im Abitur: Mindestens die H\u00e4lfte aller belegten Kurse pro Fach muss mit mindestens 5 Punkten abgeschlossen sein \/ Strengeres Abitur-Bewertungssystem schafft so mehr fachliche Ausgewogenheit und erh\u00f6ht die Aussagekraft des Abiturs als Hochschulzugangsberechtigung Berlin, 16.09.2025 \u2013 Der Deutsche Philologenverband (DPhV) fordert eine deutliche Nachsch\u00e4rfung der fachbezogenen Leistungsanforderungen in der&hellip;","_links":{"self":[{"href":"https:\/\/www.phvsa.de\/index.php?rest_route=\/wp\/v2\/posts\/6239","targetHints":{"allow":["GET"]}}],"collection":[{"href":"https:\/\/www.phvsa.de\/index.php?rest_route=\/wp\/v2\/posts"}],"about":[{"href":"https:\/\/www.phvsa.de\/index.php?rest_route=\/wp\/v2\/types\/post"}],"author":[{"embeddable":true,"href":"https:\/\/www.phvsa.de\/index.php?rest_route=\/wp\/v2\/users\/1"}],"replies":[{"embeddable":true,"href":"https:\/\/www.phvsa.de\/index.php?rest_route=%2Fwp%2Fv2%2Fcomments&post=6239"}],"version-history":[{"count":6,"href":"https:\/\/www.phvsa.de\/index.php?rest_route=\/wp\/v2\/posts\/6239\/revisions"}],"predecessor-version":[{"id":6245,"href":"https:\/\/www.phvsa.de\/index.php?rest_route=\/wp\/v2\/posts\/6239\/revisions\/6245"}],"wp:featuredmedia":[{"embeddable":true,"href":"https:\/\/www.phvsa.de\/index.php?rest_route=\/wp\/v2\/media\/5292"}],"wp:attachment":[{"href":"https:\/\/www.phvsa.de\/index.php?rest_route=%2Fwp%2Fv2%2Fmedia&parent=6239"}],"wp:term":[{"taxonomy":"category","embeddable":true,"href":"https:\/\/www.phvsa.de\/index.php?rest_route=%2Fwp%2Fv2%2Fcategories&post=6239"},{"taxonomy":"post_tag","embeddable":true,"href":"https:\/\/www.phvsa.de\/index.php?rest_route=%2Fwp%2Fv2%2Ftags&post=6239"}],"curies":[{"name":"wp","href":"https:\/\/api.w.org\/{rel}","templated":true}]}}