{"id":6253,"date":"2026-01-16T17:00:50","date_gmt":"2026-01-16T17:00:50","guid":{"rendered":"https:\/\/www.phvsa.de\/?p=6253"},"modified":"2026-01-19T17:08:53","modified_gmt":"2026-01-19T17:08:53","slug":"aufruf-warnstreik-am-28-januar-in-magdeburg","status":"publish","type":"post","link":"https:\/\/www.phvsa.de\/?p=6253","title":{"rendered":"Aufruf: Warnstreik am 28. Januar in Magdeburg!"},"content":{"rendered":"\t\t<div data-elementor-type=\"wp-post\" data-elementor-id=\"6253\" class=\"elementor elementor-6253\">\n\t\t\t\t\t\t<section class=\"elementor-section elementor-top-section elementor-element elementor-element-a6d8be8 elementor-section-boxed elementor-section-height-default elementor-section-height-default\" data-id=\"a6d8be8\" data-element_type=\"section\" data-e-type=\"section\">\n\t\t\t\t\t\t<div class=\"elementor-container elementor-column-gap-default\">\n\t\t\t\t\t<div class=\"elementor-column elementor-col-100 elementor-top-column elementor-element elementor-element-5314cd9\" data-id=\"5314cd9\" data-element_type=\"column\" data-e-type=\"column\">\n\t\t\t<div class=\"elementor-widget-wrap elementor-element-populated\">\n\t\t\t\t\t\t<div class=\"elementor-element elementor-element-ba71dec elementor-widget elementor-widget-heading\" data-id=\"ba71dec\" data-element_type=\"widget\" data-e-type=\"widget\" data-widget_type=\"heading.default\">\n\t\t\t\t<div class=\"elementor-widget-container\">\n\t\t\t\t\t<h2 class=\"elementor-heading-title elementor-size-default\"><span style=\"font-size: 24.6816px\">Einkommensrunde 25\/26 mit der TdL<\/span><span style=\"font-size: 2.46816rem;font-style: inherit;letter-spacing: 0.01em\"><\/span><\/h2>\t\t\t\t<\/div>\n\t\t\t\t<\/div>\n\t\t\t\t<div class=\"elementor-element elementor-element-6f7ed05 elementor-widget elementor-widget-text-editor\" data-id=\"6f7ed05\" data-element_type=\"widget\" data-e-type=\"widget\" data-widget_type=\"text-editor.default\">\n\t\t\t\t<div class=\"elementor-widget-container\">\n\t\t\t\t\t\t\t\t\t<p><strong>Liebe Kolleginnen, liebe Kollegen, liebe Mitglieder,<\/strong><\/p><p><span style=\"font-style: inherit; font-weight: inherit; letter-spacing: 0.01em;\">die Tarifgemeinschaft deutscher L\u00e4nder (TdL) hat auch in der zweiten Runde der\u00a0<\/span><span style=\"font-style: inherit; font-weight: inherit; letter-spacing: 0.01em;\">Einkommensrunde 25\/26 kein Angebot vorgelegt und blockiert weiter. Die berechtigten Forderungen der Kolleginnen und Kollegen werden ignoriert. Die Besch\u00e4ftigten werden zum blo\u00dfen Kostenfaktor degradiert!<\/span><\/p><h5 style=\"font-style: normal; letter-spacing: 0.14px;\"><span style=\"color: #ff00ff;\">Wir zeigen den Arbeitgebenden, was wir davon halten: nichts!<\/span><\/h5><p><strong>Wir fordern:<\/strong><\/p><ul><li>Erh\u00f6hung der Tabellenentgelte um 7 %, mindestens 300 \u20ac, f\u00fcr 12 Monate<\/li><li>Erh\u00f6hung der Ausbildungs-\/dual Studierenden-\/Praktikantenentgelte um 200 \u20ac<\/li><li>Erh\u00f6hung der Zuschl\u00e4ge gem\u00e4\u00df \u00a7 8 Abs. 1 TV-L um jeweils 20 Prozentpunkte<\/li><\/ul><h5><strong style=\"color: #ff00ff; font-size: 2.88rem; font-style: inherit; letter-spacing: 0.01em;\">Wir rufen alle betroffenen Besch\u00e4ftigten in Sachsen-Anhalt\u00a0<span style=\"font-style: inherit; letter-spacing: 0.01em;\">zu einem ganzt\u00e4gigen Warnstreik auf!<\/span><\/strong><\/h5><h5 style=\"text-align: center;\"><span style=\"color: #ff00ff;\"><strong>Wir treffen uns am 28. Januar,\u00a0<\/strong><\/span><\/h5><h5 style=\"text-align: center;\"><span style=\"color: #ff00ff;\"><strong>von 10.30 bis 13.30 Uhr, in Magdeburg,<\/strong><\/span><\/h5><h5 style=\"text-align: center;\"><span style=\"color: #ff00ff;\"><strong>auf dem Willy-Brandt-Platz!<\/strong><\/span><\/h5><p><strong>Weiterhin erwarten wir:<\/strong><\/p><ul><li>Angleichung Tarifgebiet Ost an West (z. B. Regelung zur Unk\u00fcndbarkeit)<\/li><li>stufengleiche H\u00f6hergruppierung und Erh\u00f6hung der Wechselschicht- und Schichtzulagen nach dem Vorbild des TV\u00f6D<\/li><li>ein zus\u00e4tzlicher freier Tag f\u00fcr Gewerkschaftsmitglieder<\/li><li>Einstieg in Verhandlungen zur Reform der Entgeltordnung L\u00e4nder<\/li><li>vollst\u00e4ndige Einf\u00fchrung der Paralleltabelle f\u00fcr tarifbesch\u00e4ftigte Lehrkr\u00e4fte<\/li><li>\u00dcbernahme von Azubis in Stufe 2 nach erfolgreicher Ausbildung<\/li><li>Azubis: \u00dcbernahme Deutschlandticket oder Tankkostenzuschuss von 50 \u20ac<\/li><li>zeit- und wirkungsgleiche \u00dcbertragung des Ergebnisses auf die Beamtinnen\/Beamten sowie Versorgungsempf\u00e4nger\/-innen der L\u00e4nder und Kommunen<\/li><\/ul><div>Betroffen sind folgende Tarif-Bereiche: TV-L, TV-L-Forst, Pkw-Fahrer-TV-L, TV\u00a0<span style=\"letter-spacing: 0.01em;\">ITDZ. Auszubildende, Praktikanten sowie dual Studierende nach dem TVA-L\u00a0<\/span><span style=\"letter-spacing: 0.01em;\">(BBiG, Pflege, Gesundheit), TVPrakt-L sowie TVdS-L sind ebenfalls umfasst.<\/span><br \/><span style=\"letter-spacing: 0.01em;\"><br \/><\/span><\/div><h5><span style=\"color: #ff00ff;\"><strong>Die Landes- und Kommunalbeamtinnen und -beamten rufen wir\u00a0<span style=\"letter-spacing: 0.01em;\">auf, unsere Forderungen in ihrer Freizeit zu unterst\u00fctzen!<\/span><\/strong><\/span><\/h5>\t\t\t\t\t\t\t\t<\/div>\n\t\t\t\t<\/div>\n\t\t\t\t\t<\/div>\n\t\t<\/div>\n\t\t\t\t\t<\/div>\n\t\t<\/section>\n\t\t\t\t<section class=\"elementor-section elementor-top-section elementor-element elementor-element-fdfd1c6 elementor-section-boxed elementor-section-height-default elementor-section-height-default\" data-id=\"fdfd1c6\" data-element_type=\"section\" data-e-type=\"section\">\n\t\t\t\t\t\t<div class=\"elementor-container elementor-column-gap-default\">\n\t\t\t\t\t<div class=\"elementor-column elementor-col-100 elementor-top-column elementor-element elementor-element-d2c4543\" data-id=\"d2c4543\" data-element_type=\"column\" data-e-type=\"column\">\n\t\t\t<div class=\"elementor-widget-wrap elementor-element-populated\">\n\t\t\t\t\t\t<div class=\"elementor-element elementor-element-48d5ae3 elementor-button-info elementor-align-center elementor-widget elementor-widget-button\" data-id=\"48d5ae3\" data-element_type=\"widget\" data-e-type=\"widget\" data-widget_type=\"button.default\">\n\t\t\t\t<div class=\"elementor-widget-container\">\n\t\t\t\t\t\t\t\t\t<div class=\"elementor-button-wrapper\">\n\t\t\t\t\t<a class=\"elementor-button elementor-button-link elementor-size-sm\" href=\"https:\/\/www.phvsa.de\/wp-content\/uploads\/2026\/01\/Warnstreikaufruf_EKR25-26_28.01.2026_Magdeburg.pdf\">\n\t\t\t\t\t\t<span class=\"elementor-button-content-wrapper\">\n\t\t\t\t\t\t\t\t\t<span class=\"elementor-button-text\">Aktions-Info<\/span>\n\t\t\t\t\t<\/span>\n\t\t\t\t\t<\/a>\n\t\t\t\t<\/div>\n\t\t\t\t\t\t\t\t<\/div>\n\t\t\t\t<\/div>\n\t\t\t\t\t<\/div>\n\t\t<\/div>\n\t\t\t\t\t<\/div>\n\t\t<\/section>\n\t\t\t\t<\/div>\n\t\t","protected":false},"excerpt":{"rendered":"<p>Einkommensrunde 25\/26 mit der TdL Liebe Kolleginnen, liebe Kollegen, liebe Mitglieder, die Tarifgemeinschaft deutscher L\u00e4nder (TdL) hat auch in der zweiten Runde der\u00a0Einkommensrunde 25\/26 kein Angebot vorgelegt und blockiert weiter. Die berechtigten Forderungen der Kolleginnen und Kollegen werden ignoriert. Die Besch\u00e4ftigten werden zum blo\u00dfen Kostenfaktor degradiert! Wir zeigen den Arbeitgebenden, was wir davon halten: nichts! [&hellip;]<\/p>\n","protected":false},"author":1,"featured_media":6256,"comment_status":"closed","ping_status":"closed","sticky":false,"template":"","format":"standard","meta":{"zakra_sidebar_layout":"customizer","zakra_remove_content_margin":false,"zakra_sidebar":"customizer","zakra_transparent_header":"customizer","zakra_logo":0,"zakra_main_header_style":"default","zakra_menu_item_color":"","zakra_menu_item_hover_color":"","zakra_menu_item_active_color":"","zakra_menu_active_style":"","zakra_page_header":true,"inline_featured_image":false,"footnotes":""},"categories":[113,125,116],"tags":[191,169],"class_list":["post-6253","post","type-post","status-publish","format-standard","has-post-thumbnail","hentry","category-berufspolitik","category-phvsa","category-veranstaltungen","tag-streik","tag-tarifverhandlungen"],"aioseo_notices":[],"rttpg_featured_image_url":{"full":["https:\/\/www.phvsa.de\/wp-content\/uploads\/2026\/01\/Warnstreik-dbb-1.png",1036,502,false],"landscape":["https:\/\/www.phvsa.de\/wp-content\/uploads\/2026\/01\/Warnstreik-dbb-1.png",1036,502,false],"portraits":["https:\/\/www.phvsa.de\/wp-content\/uploads\/2026\/01\/Warnstreik-dbb-1.png",1036,502,false],"thumbnail":["https:\/\/www.phvsa.de\/wp-content\/uploads\/2026\/01\/Warnstreik-dbb-1-150x150.png",150,150,true],"medium":["https:\/\/www.phvsa.de\/wp-content\/uploads\/2026\/01\/Warnstreik-dbb-1-300x145.png",300,145,true],"large":["https:\/\/www.phvsa.de\/wp-content\/uploads\/2026\/01\/Warnstreik-dbb-1-1024x496.png",812,393,true],"1536x1536":["https:\/\/www.phvsa.de\/wp-content\/uploads\/2026\/01\/Warnstreik-dbb-1.png",1036,502,false],"2048x2048":["https:\/\/www.phvsa.de\/wp-content\/uploads\/2026\/01\/Warnstreik-dbb-1.png",1036,502,false],"sow-carousel-default":["https:\/\/www.phvsa.de\/wp-content\/uploads\/2026\/01\/Warnstreik-dbb-1-272x182.png",272,182,true]},"rttpg_author":{"display_name":"admin","author_link":"https:\/\/www.phvsa.de\/?author=1"},"rttpg_comment":0,"rttpg_category":"<a href=\"https:\/\/www.phvsa.de\/?cat=113\" rel=\"category\">Berufspolitik<\/a> <a href=\"https:\/\/www.phvsa.de\/?cat=125\" rel=\"category\">PhVSA<\/a> <a href=\"https:\/\/www.phvsa.de\/?cat=116\" rel=\"category\">Veranstaltungen<\/a>","rttpg_excerpt":"Einkommensrunde 25\/26 mit der TdL Liebe Kolleginnen, liebe Kollegen, liebe Mitglieder, die Tarifgemeinschaft deutscher L\u00e4nder (TdL) hat auch in der zweiten Runde der\u00a0Einkommensrunde 25\/26 kein Angebot vorgelegt und blockiert weiter. Die berechtigten Forderungen der Kolleginnen und Kollegen werden ignoriert. Die Besch\u00e4ftigten werden zum blo\u00dfen Kostenfaktor degradiert! Wir zeigen den Arbeitgebenden, was wir davon halten: nichts!&hellip;","_links":{"self":[{"href":"https:\/\/www.phvsa.de\/index.php?rest_route=\/wp\/v2\/posts\/6253","targetHints":{"allow":["GET"]}}],"collection":[{"href":"https:\/\/www.phvsa.de\/index.php?rest_route=\/wp\/v2\/posts"}],"about":[{"href":"https:\/\/www.phvsa.de\/index.php?rest_route=\/wp\/v2\/types\/post"}],"author":[{"embeddable":true,"href":"https:\/\/www.phvsa.de\/index.php?rest_route=\/wp\/v2\/users\/1"}],"replies":[{"embeddable":true,"href":"https:\/\/www.phvsa.de\/index.php?rest_route=%2Fwp%2Fv2%2Fcomments&post=6253"}],"version-history":[{"count":16,"href":"https:\/\/www.phvsa.de\/index.php?rest_route=\/wp\/v2\/posts\/6253\/revisions"}],"predecessor-version":[{"id":6299,"href":"https:\/\/www.phvsa.de\/index.php?rest_route=\/wp\/v2\/posts\/6253\/revisions\/6299"}],"wp:featuredmedia":[{"embeddable":true,"href":"https:\/\/www.phvsa.de\/index.php?rest_route=\/wp\/v2\/media\/6256"}],"wp:attachment":[{"href":"https:\/\/www.phvsa.de\/index.php?rest_route=%2Fwp%2Fv2%2Fmedia&parent=6253"}],"wp:term":[{"taxonomy":"category","embeddable":true,"href":"https:\/\/www.phvsa.de\/index.php?rest_route=%2Fwp%2Fv2%2Fcategories&post=6253"},{"taxonomy":"post_tag","embeddable":true,"href":"https:\/\/www.phvsa.de\/index.php?rest_route=%2Fwp%2Fv2%2Ftags&post=6253"}],"curies":[{"name":"wp","href":"https:\/\/api.w.org\/{rel}","templated":true}]}}